{"id":102223,"date":"2021-11-24T16:19:31","date_gmt":"2021-11-24T19:19:31","guid":{"rendered":"https:\/\/acs.org.br\/antigo\/?p=102223"},"modified":"2021-11-24T16:19:31","modified_gmt":"2021-11-24T19:19:31","slug":"porto-guarda-portuaria-de-santos-tera-sistema-federal-de-inteligencia","status":"publish","type":"post","link":"https:\/\/acs.org.br\/academy\/porto-guarda-portuaria-de-santos-tera-sistema-federal-de-inteligencia\/","title":{"rendered":"PORTO: Guarda Portu\u00e1ria de Santos ter\u00e1 Sistema Federal de Intelig\u00eancia"},"content":{"rendered":"<p>Fonte: Santa Portal<\/p>\n<p>O Sistema Federal de Intelig\u00eancia &#8211; C\u00f3rtex ser\u00e1 implementado na Guarda Portu\u00e1ria de Santos. O sistema foi apresentado pelo deputado Danilo Balas (PSL), que junto de representantes do Minist\u00e9rio da Justi\u00e7a fecharam parceria com a Guarda Portu\u00e1ria para trazer mais seguran\u00e7a.<\/p>\n<p><a href=\"https:\/\/santaportal.com.br\/porto-e-negocios\/guarda-portuaria-de-santos-tera-sistema-federal-de-inteligencia\/\">LEIA MAIS&#8230;<\/a><\/p>\n","protected":false},"excerpt":{"rendered":"<p>Fonte: Santa Portal O Sistema Federal de Intelig\u00eancia &#8211; C\u00f3rtex ser\u00e1 implementado na Guarda Portu\u00e1ria de Santos. O sistema foi apresentado pelo deputado Danilo Balas (PSL), que junto de representantes do Minist\u00e9rio da Justi\u00e7a fecharam parceria com a Guarda Portu\u00e1ria para trazer mais seguran\u00e7a. LEIA MAIS&#8230;<\/p>\n","protected":false},"author":3,"featured_media":102224,"comment_status":"open","ping_status":"open","sticky":false,"template":"","format":"standard","meta":{"footnotes":""},"categories":[105],"tags":[],"_links":{"self":[{"href":"https:\/\/acs.org.br\/academy\/wp-json\/wp\/v2\/posts\/102223"}],"collection":[{"href":"https:\/\/acs.org.br\/academy\/wp-json\/wp\/v2\/posts"}],"about":[{"href":"https:\/\/acs.org.br\/academy\/wp-json\/wp\/v2\/types\/post"}],"author":[{"embeddable":true,"href":"https:\/\/acs.org.br\/academy\/wp-json\/wp\/v2\/users\/3"}],"replies":[{"embeddable":true,"href":"https:\/\/acs.org.br\/academy\/wp-json\/wp\/v2\/comments?post=102223"}],"version-history":[{"count":1,"href":"https:\/\/acs.org.br\/academy\/wp-json\/wp\/v2\/posts\/102223\/revisions"}],"predecessor-version":[{"id":102225,"href":"https:\/\/acs.org.br\/academy\/wp-json\/wp\/v2\/posts\/102223\/revisions\/102225"}],"wp:featuredmedia":[{"embeddable":true,"href":"https:\/\/acs.org.br\/academy\/wp-json\/wp\/v2\/media\/102224"}],"wp:attachment":[{"href":"https:\/\/acs.org.br\/academy\/wp-json\/wp\/v2\/media?parent=102223"}],"wp:term":[{"taxonomy":"category","embeddable":true,"href":"https:\/\/acs.org.br\/academy\/wp-json\/wp\/v2\/categories?post=102223"},{"taxonomy":"post_tag","embeddable":true,"href":"https:\/\/acs.org.br\/academy\/wp-json\/wp\/v2\/tags?post=102223"}],"curies":[{"name":"wp","href":"https:\/\/api.w.org\/{rel}","templated":true}]}}