{"id":102220,"date":"2021-11-24T16:10:08","date_gmt":"2021-11-24T19:10:08","guid":{"rendered":"https:\/\/acs.org.br\/antigo\/?p=102220"},"modified":"2021-11-24T16:10:08","modified_gmt":"2021-11-24T19:10:08","slug":"saude-diretora-da-oms-diz-que-mundo-esta-entrando-em-quarta-onda-de-covid-19","status":"publish","type":"post","link":"https:\/\/acs.org.br\/academy\/saude-diretora-da-oms-diz-que-mundo-esta-entrando-em-quarta-onda-de-covid-19\/","title":{"rendered":"SA\u00daDE: Diretora da OMS diz que mundo est\u00e1 entrando em quarta onda de covid-19"},"content":{"rendered":"<p>Fonte: Ag\u00eancia Brasil<\/p>\n<p>O mundo est\u00e1 entrando em uma quarta onda da pandemia do novo coronav\u00edrus. A avalia\u00e7\u00e3o \u00e9 da diretora-geral adjunta de acesso a medicamentos e produtos farmac\u00eauticos da Organiza\u00e7\u00e3o Mundial da Sa\u00fade (OMS), a brasileira Mari\u00e2ngela Sim\u00e3o. Ela abordou a situa\u00e7\u00e3o da pandemia em confer\u00eancia na abertura no Congresso Brasileiro de Epidemiologia.<\/p>\n<p><a href=\"https:\/\/agenciabrasil.ebc.com.br\/saude\/noticia\/2021-11\/diretora-da-oms-diz-que-mundo-esta-entrando-em-quarta-onda-de-covid-19\">LEIA MAIS&#8230;<\/a><\/p>\n<p>&nbsp;<\/p>\n","protected":false},"excerpt":{"rendered":"<p>Fonte: Ag\u00eancia Brasil O mundo est\u00e1 entrando em uma quarta onda da pandemia do novo coronav\u00edrus. A avalia\u00e7\u00e3o \u00e9 da diretora-geral adjunta de acesso a medicamentos e produtos farmac\u00eauticos da Organiza\u00e7\u00e3o Mundial da Sa\u00fade (OMS), a brasileira Mari\u00e2ngela Sim\u00e3o. Ela abordou a situa\u00e7\u00e3o da pandemia em confer\u00eancia na abertura no Congresso Brasileiro de Epidemiologia. LEIA [&hellip;]<\/p>\n","protected":false},"author":3,"featured_media":102221,"comment_status":"open","ping_status":"open","sticky":false,"template":"","format":"standard","meta":{"footnotes":""},"categories":[105],"tags":[],"_links":{"self":[{"href":"https:\/\/acs.org.br\/academy\/wp-json\/wp\/v2\/posts\/102220"}],"collection":[{"href":"https:\/\/acs.org.br\/academy\/wp-json\/wp\/v2\/posts"}],"about":[{"href":"https:\/\/acs.org.br\/academy\/wp-json\/wp\/v2\/types\/post"}],"author":[{"embeddable":true,"href":"https:\/\/acs.org.br\/academy\/wp-json\/wp\/v2\/users\/3"}],"replies":[{"embeddable":true,"href":"https:\/\/acs.org.br\/academy\/wp-json\/wp\/v2\/comments?post=102220"}],"version-history":[{"count":1,"href":"https:\/\/acs.org.br\/academy\/wp-json\/wp\/v2\/posts\/102220\/revisions"}],"predecessor-version":[{"id":102222,"href":"https:\/\/acs.org.br\/academy\/wp-json\/wp\/v2\/posts\/102220\/revisions\/102222"}],"wp:featuredmedia":[{"embeddable":true,"href":"https:\/\/acs.org.br\/academy\/wp-json\/wp\/v2\/media\/102221"}],"wp:attachment":[{"href":"https:\/\/acs.org.br\/academy\/wp-json\/wp\/v2\/media?parent=102220"}],"wp:term":[{"taxonomy":"category","embeddable":true,"href":"https:\/\/acs.org.br\/academy\/wp-json\/wp\/v2\/categories?post=102220"},{"taxonomy":"post_tag","embeddable":true,"href":"https:\/\/acs.org.br\/academy\/wp-json\/wp\/v2\/tags?post=102220"}],"curies":[{"name":"wp","href":"https:\/\/api.w.org\/{rel}","templated":true}]}}