{"id":102217,"date":"2021-11-24T15:56:51","date_gmt":"2021-11-24T18:56:51","guid":{"rendered":"https:\/\/acs.org.br\/antigo\/?p=102217"},"modified":"2021-11-24T15:56:51","modified_gmt":"2021-11-24T18:56:51","slug":"comercio-exterior-brasil-tera-12-novos-adidos-agricolas-junto-as-representacoes-diplomaticas-no-exterior","status":"publish","type":"post","link":"https:\/\/acs.org.br\/academy\/comercio-exterior-brasil-tera-12-novos-adidos-agricolas-junto-as-representacoes-diplomaticas-no-exterior\/","title":{"rendered":"COM\u00c9RCIO EXTERIOR: Brasil ter\u00e1 12 novos adidos agr\u00edcolas junto \u00e0s representa\u00e7\u00f5es diplom\u00e1ticas no exterior"},"content":{"rendered":"<p>Fonte: Informativo dos Portos<\/p>\n<p>Doze adidos agr\u00edcolas se preparam para tomar posse em miss\u00f5es diplom\u00e1ticas brasileiras no exterior. Desses, 11 ir\u00e3o substituir adidos em postos que j\u00e1 estavam estabelecidos. A cidade de Berlim, na Alemanha, por sua vez, contar\u00e1 pela primeira vez com um adido agr\u00edcola.<\/p>\n<p><a href=\"https:\/\/www.informativodosportos.com.br\/brasil-tera-12-novos-adidos-agricolas-junto-as-representacoes-diplomaticas-no-exterior\/\">LEIA MAIS&#8230;<\/a><\/p>\n","protected":false},"excerpt":{"rendered":"<p>Fonte: Informativo dos Portos Doze adidos agr\u00edcolas se preparam para tomar posse em miss\u00f5es diplom\u00e1ticas brasileiras no exterior. Desses, 11 ir\u00e3o substituir adidos em postos que j\u00e1 estavam estabelecidos. A cidade de Berlim, na Alemanha, por sua vez, contar\u00e1 pela primeira vez com um adido agr\u00edcola. LEIA MAIS&#8230;<\/p>\n","protected":false},"author":3,"featured_media":102218,"comment_status":"open","ping_status":"open","sticky":false,"template":"","format":"standard","meta":{"footnotes":""},"categories":[105],"tags":[],"_links":{"self":[{"href":"https:\/\/acs.org.br\/academy\/wp-json\/wp\/v2\/posts\/102217"}],"collection":[{"href":"https:\/\/acs.org.br\/academy\/wp-json\/wp\/v2\/posts"}],"about":[{"href":"https:\/\/acs.org.br\/academy\/wp-json\/wp\/v2\/types\/post"}],"author":[{"embeddable":true,"href":"https:\/\/acs.org.br\/academy\/wp-json\/wp\/v2\/users\/3"}],"replies":[{"embeddable":true,"href":"https:\/\/acs.org.br\/academy\/wp-json\/wp\/v2\/comments?post=102217"}],"version-history":[{"count":1,"href":"https:\/\/acs.org.br\/academy\/wp-json\/wp\/v2\/posts\/102217\/revisions"}],"predecessor-version":[{"id":102219,"href":"https:\/\/acs.org.br\/academy\/wp-json\/wp\/v2\/posts\/102217\/revisions\/102219"}],"wp:featuredmedia":[{"embeddable":true,"href":"https:\/\/acs.org.br\/academy\/wp-json\/wp\/v2\/media\/102218"}],"wp:attachment":[{"href":"https:\/\/acs.org.br\/academy\/wp-json\/wp\/v2\/media?parent=102217"}],"wp:term":[{"taxonomy":"category","embeddable":true,"href":"https:\/\/acs.org.br\/academy\/wp-json\/wp\/v2\/categories?post=102217"},{"taxonomy":"post_tag","embeddable":true,"href":"https:\/\/acs.org.br\/academy\/wp-json\/wp\/v2\/tags?post=102217"}],"curies":[{"name":"wp","href":"https:\/\/api.w.org\/{rel}","templated":true}]}}