{"id":102205,"date":"2021-11-24T14:59:02","date_gmt":"2021-11-24T17:59:02","guid":{"rendered":"https:\/\/acs.org.br\/antigo\/?p=102205"},"modified":"2021-11-24T15:12:58","modified_gmt":"2021-11-24T18:12:58","slug":"atualidades-sem-atingir-metas-estado-de-sp-anuncia-retirada-de-exigencia-do-uso-de-mascara-ao-ar-livre-a-partir-de-11-de-dezembro","status":"publish","type":"post","link":"https:\/\/acs.org.br\/academy\/atualidades-sem-atingir-metas-estado-de-sp-anuncia-retirada-de-exigencia-do-uso-de-mascara-ao-ar-livre-a-partir-de-11-de-dezembro\/","title":{"rendered":"ATUALIDADES: Sem atingir metas, estado de SP anuncia retirada de exig\u00eancia do uso de m\u00e1scara ao ar livre a partir de 11 de dezembro"},"content":{"rendered":"<p><em>Pedestres com m\u00e1scara de prote\u00e7\u00e3o contra o coronav\u00edrus na regi\u00e3o do Morumbi, na Zona Sul de S\u00e3o Paulo\u00a0 \u00a0&#8211;\u00a0 \u00a0 \u00a0Foto: ALOISIO \/ ESTAD\u00c3O CONTE\u00daDO<\/em><\/p>\n<p>Fonte: G1<\/p>\n<p>O governo de S\u00e3o Paulo anunciou que vai liberar a obrigatoriedade do uso da m\u00e1scara em ambientes externos a partir do dia 11 dezembro, apesar de ainda n\u00e3o ter atingido a meta estipulada pela pr\u00f3pria gest\u00e3o estadual de redu\u00e7\u00e3o de indicadores da pandemia.<\/p>\n<p><a href=\"https:\/\/g1.globo.com\/sp\/sao-paulo\/noticia\/2021\/11\/24\/estado-de-sp-encerra-obrigatoriedade-do-uso-de-mascara-em-areas-externas-em-dezembro-mesmo-sem-atingir-meta-de-indicadores-da-pandemia.ghtml\">LEIA MAIS<\/a><\/p>\n<p>&nbsp;<\/p>\n","protected":false},"excerpt":{"rendered":"<p>Pedestres com m\u00e1scara de prote\u00e7\u00e3o contra o coronav\u00edrus na regi\u00e3o do Morumbi, na Zona Sul de S\u00e3o Paulo\u00a0 \u00a0&#8211;\u00a0 \u00a0 \u00a0Foto: ALOISIO \/ ESTAD\u00c3O CONTE\u00daDO Fonte: G1 O governo de S\u00e3o Paulo anunciou que vai liberar a obrigatoriedade do uso da m\u00e1scara em ambientes externos a partir do dia 11 dezembro, apesar de ainda n\u00e3o [&hellip;]<\/p>\n","protected":false},"author":3,"featured_media":102213,"comment_status":"open","ping_status":"open","sticky":false,"template":"","format":"standard","meta":{"footnotes":""},"categories":[105],"tags":[],"_links":{"self":[{"href":"https:\/\/acs.org.br\/academy\/wp-json\/wp\/v2\/posts\/102205"}],"collection":[{"href":"https:\/\/acs.org.br\/academy\/wp-json\/wp\/v2\/posts"}],"about":[{"href":"https:\/\/acs.org.br\/academy\/wp-json\/wp\/v2\/types\/post"}],"author":[{"embeddable":true,"href":"https:\/\/acs.org.br\/academy\/wp-json\/wp\/v2\/users\/3"}],"replies":[{"embeddable":true,"href":"https:\/\/acs.org.br\/academy\/wp-json\/wp\/v2\/comments?post=102205"}],"version-history":[{"count":4,"href":"https:\/\/acs.org.br\/academy\/wp-json\/wp\/v2\/posts\/102205\/revisions"}],"predecessor-version":[{"id":102212,"href":"https:\/\/acs.org.br\/academy\/wp-json\/wp\/v2\/posts\/102205\/revisions\/102212"}],"wp:featuredmedia":[{"embeddable":true,"href":"https:\/\/acs.org.br\/academy\/wp-json\/wp\/v2\/media\/102213"}],"wp:attachment":[{"href":"https:\/\/acs.org.br\/academy\/wp-json\/wp\/v2\/media?parent=102205"}],"wp:term":[{"taxonomy":"category","embeddable":true,"href":"https:\/\/acs.org.br\/academy\/wp-json\/wp\/v2\/categories?post=102205"},{"taxonomy":"post_tag","embeddable":true,"href":"https:\/\/acs.org.br\/academy\/wp-json\/wp\/v2\/tags?post=102205"}],"curies":[{"name":"wp","href":"https:\/\/api.w.org\/{rel}","templated":true}]}}