{"id":102198,"date":"2021-11-24T12:43:45","date_gmt":"2021-11-24T15:43:45","guid":{"rendered":"https:\/\/acs.org.br\/antigo\/?p=102198"},"modified":"2021-11-24T12:43:45","modified_gmt":"2021-11-24T15:43:45","slug":"economia-comercio-da-regiao-tera-novo-horario","status":"publish","type":"post","link":"https:\/\/acs.org.br\/academy\/economia-comercio-da-regiao-tera-novo-horario\/","title":{"rendered":"ECONOMIA: Com\u00e9rcio da regi\u00e3o ter\u00e1 novo hor\u00e1rio"},"content":{"rendered":"<p>Fonte: A Tribuna<\/p>\n<p>Parte dos estabelecimentos comerciais da regi\u00e3o das cidades da Baixada Santista come\u00e7a a esquematizar os hor\u00e1rios de funcionamento para atender consumidores em busca de presentes de Natal.<\/p>\n<p><a href=\"https:\/\/acs.org.br\/antigo\/wp-content\/uploads\/2021\/11\/COMERCIO-241121.pdf\">LEIA MAIS&#8230;<\/a><\/p>\n","protected":false},"excerpt":{"rendered":"<p>Fonte: A Tribuna Parte dos estabelecimentos comerciais da regi\u00e3o das cidades da Baixada Santista come\u00e7a a esquematizar os hor\u00e1rios de funcionamento para atender consumidores em busca de presentes de Natal. LEIA MAIS&#8230;<\/p>\n","protected":false},"author":3,"featured_media":102200,"comment_status":"open","ping_status":"open","sticky":false,"template":"","format":"standard","meta":{"footnotes":""},"categories":[105],"tags":[],"_links":{"self":[{"href":"https:\/\/acs.org.br\/academy\/wp-json\/wp\/v2\/posts\/102198"}],"collection":[{"href":"https:\/\/acs.org.br\/academy\/wp-json\/wp\/v2\/posts"}],"about":[{"href":"https:\/\/acs.org.br\/academy\/wp-json\/wp\/v2\/types\/post"}],"author":[{"embeddable":true,"href":"https:\/\/acs.org.br\/academy\/wp-json\/wp\/v2\/users\/3"}],"replies":[{"embeddable":true,"href":"https:\/\/acs.org.br\/academy\/wp-json\/wp\/v2\/comments?post=102198"}],"version-history":[{"count":1,"href":"https:\/\/acs.org.br\/academy\/wp-json\/wp\/v2\/posts\/102198\/revisions"}],"predecessor-version":[{"id":102201,"href":"https:\/\/acs.org.br\/academy\/wp-json\/wp\/v2\/posts\/102198\/revisions\/102201"}],"wp:featuredmedia":[{"embeddable":true,"href":"https:\/\/acs.org.br\/academy\/wp-json\/wp\/v2\/media\/102200"}],"wp:attachment":[{"href":"https:\/\/acs.org.br\/academy\/wp-json\/wp\/v2\/media?parent=102198"}],"wp:term":[{"taxonomy":"category","embeddable":true,"href":"https:\/\/acs.org.br\/academy\/wp-json\/wp\/v2\/categories?post=102198"},{"taxonomy":"post_tag","embeddable":true,"href":"https:\/\/acs.org.br\/academy\/wp-json\/wp\/v2\/tags?post=102198"}],"curies":[{"name":"wp","href":"https:\/\/api.w.org\/{rel}","templated":true}]}}