{"id":102161,"date":"2021-11-23T14:02:57","date_gmt":"2021-11-23T17:02:57","guid":{"rendered":"https:\/\/acs.org.br\/antigo\/?p=102161"},"modified":"2021-11-23T17:51:56","modified_gmt":"2021-11-23T20:51:56","slug":"sustentabilidade-brasil-faz-1o-embarque-de-cafe-carbono-neutro-produtor-recebe-premio-em-dobro","status":"publish","type":"post","link":"https:\/\/acs.org.br\/academy\/sustentabilidade-brasil-faz-1o-embarque-de-cafe-carbono-neutro-produtor-recebe-premio-em-dobro\/","title":{"rendered":"SUSTENTABILIDADE: Brasil faz 1\u00ba embarque de caf\u00e9 carbono neutro, produtor recebe pr\u00eamio em dobro"},"content":{"rendered":"<p><em>\u00a0 \u00a0 \u00a0 \u00a0 \u00a0 \u00a0 Caf\u00e9 ajuda a diminuir as emiss\u00f5es de efeito estufa\u00a0 \u00a0 \u00a0 \u00a0 (Foto: Pexels)<\/em><\/p>\n<p>Fonte: \u00c9poca Neg\u00f3cios<\/p>\n<p>O Brasil realizou seu primeiro embarque de caf\u00e9 carbono neutro, cujo processo de produ\u00e7\u00e3o permite maior sequestro do que emiss\u00f5es de gases de efeito estufa, e novas exporta\u00e7\u00f5es do produto mais sustent\u00e1vel e valorizado est\u00e3o a caminho, afirmam \u00e0 Reuters representantes da cooperativa monteCCer, que liderou a iniciativa.<\/p>\n<p><a href=\"https:\/\/acs.org.br\/antigo\/wp-content\/uploads\/2021\/11\/CAFECARBONO-231121.pdf\">LEIA MAIS&#8230;<\/a><\/p>\n<p>&nbsp;<\/p>\n","protected":false},"excerpt":{"rendered":"<p>\u00a0 \u00a0 \u00a0 \u00a0 \u00a0 \u00a0 Caf\u00e9 ajuda a diminuir as emiss\u00f5es de efeito estufa\u00a0 \u00a0 \u00a0 \u00a0 (Foto: Pexels) Fonte: \u00c9poca Neg\u00f3cios O Brasil realizou seu primeiro embarque de caf\u00e9 carbono neutro, cujo processo de produ\u00e7\u00e3o permite maior sequestro do que emiss\u00f5es de gases de efeito estufa, e novas exporta\u00e7\u00f5es do produto mais sustent\u00e1vel [&hellip;]<\/p>\n","protected":false},"author":3,"featured_media":102162,"comment_status":"open","ping_status":"open","sticky":false,"template":"","format":"standard","meta":{"footnotes":""},"categories":[105],"tags":[],"_links":{"self":[{"href":"https:\/\/acs.org.br\/academy\/wp-json\/wp\/v2\/posts\/102161"}],"collection":[{"href":"https:\/\/acs.org.br\/academy\/wp-json\/wp\/v2\/posts"}],"about":[{"href":"https:\/\/acs.org.br\/academy\/wp-json\/wp\/v2\/types\/post"}],"author":[{"embeddable":true,"href":"https:\/\/acs.org.br\/academy\/wp-json\/wp\/v2\/users\/3"}],"replies":[{"embeddable":true,"href":"https:\/\/acs.org.br\/academy\/wp-json\/wp\/v2\/comments?post=102161"}],"version-history":[{"count":2,"href":"https:\/\/acs.org.br\/academy\/wp-json\/wp\/v2\/posts\/102161\/revisions"}],"predecessor-version":[{"id":102170,"href":"https:\/\/acs.org.br\/academy\/wp-json\/wp\/v2\/posts\/102161\/revisions\/102170"}],"wp:featuredmedia":[{"embeddable":true,"href":"https:\/\/acs.org.br\/academy\/wp-json\/wp\/v2\/media\/102162"}],"wp:attachment":[{"href":"https:\/\/acs.org.br\/academy\/wp-json\/wp\/v2\/media?parent=102161"}],"wp:term":[{"taxonomy":"category","embeddable":true,"href":"https:\/\/acs.org.br\/academy\/wp-json\/wp\/v2\/categories?post=102161"},{"taxonomy":"post_tag","embeddable":true,"href":"https:\/\/acs.org.br\/academy\/wp-json\/wp\/v2\/tags?post=102161"}],"curies":[{"name":"wp","href":"https:\/\/api.w.org\/{rel}","templated":true}]}}