{"id":102159,"date":"2021-11-23T10:46:24","date_gmt":"2021-11-23T13:46:24","guid":{"rendered":"https:\/\/acs.org.br\/antigo\/?p=102159"},"modified":"2021-11-23T10:46:24","modified_gmt":"2021-11-23T13:46:24","slug":"cafe-estados-unidos-segue-como-principal-comprador-de-cafes-brasileiros","status":"publish","type":"post","link":"https:\/\/acs.org.br\/academy\/cafe-estados-unidos-segue-como-principal-comprador-de-cafes-brasileiros\/","title":{"rendered":"CAF\u00c9: Estados Unidos segue como principal comprador de caf\u00e9s brasileiros"},"content":{"rendered":"<p>Fonte: Caf\u00e9 Point<\/p>\n<p>Os dados do Conselho dos Exportadores de Caf\u00e9 do Brasil (Cecaf\u00e9), analisados pelo Observat\u00f3rio do Caf\u00e9, do Cons\u00f3rcio Pesquisa Caf\u00e9, coordenado pela Embrapa Caf\u00e9, destaca que, de janeiro a outubro de 2021, os caf\u00e9s brasileiros foram exportados para 119 pa\u00edses, totalizando um volume f\u00edsico equivalente a 33,27 milh\u00f5es de sacas de 60 kg e receita cambial de US$ 4,81 bilh\u00f5es.<\/p>\n<p><a href=\"https:\/\/www.cafepoint.com.br\/noticias\/giro-de-noticias\/estados-unidos-segue-como-principal-comprador-de-cafes-brasileiros-228135\/\">LEIA MAIS&#8230;<\/a><\/p>\n<p>&nbsp;<\/p>\n","protected":false},"excerpt":{"rendered":"<p>Fonte: Caf\u00e9 Point Os dados do Conselho dos Exportadores de Caf\u00e9 do Brasil (Cecaf\u00e9), analisados pelo Observat\u00f3rio do Caf\u00e9, do Cons\u00f3rcio Pesquisa Caf\u00e9, coordenado pela Embrapa Caf\u00e9, destaca que, de janeiro a outubro de 2021, os caf\u00e9s brasileiros foram exportados para 119 pa\u00edses, totalizando um volume f\u00edsico equivalente a 33,27 milh\u00f5es de sacas de 60 [&hellip;]<\/p>\n","protected":false},"author":3,"featured_media":0,"comment_status":"open","ping_status":"open","sticky":false,"template":"","format":"standard","meta":{"footnotes":""},"categories":[105],"tags":[],"_links":{"self":[{"href":"https:\/\/acs.org.br\/academy\/wp-json\/wp\/v2\/posts\/102159"}],"collection":[{"href":"https:\/\/acs.org.br\/academy\/wp-json\/wp\/v2\/posts"}],"about":[{"href":"https:\/\/acs.org.br\/academy\/wp-json\/wp\/v2\/types\/post"}],"author":[{"embeddable":true,"href":"https:\/\/acs.org.br\/academy\/wp-json\/wp\/v2\/users\/3"}],"replies":[{"embeddable":true,"href":"https:\/\/acs.org.br\/academy\/wp-json\/wp\/v2\/comments?post=102159"}],"version-history":[{"count":1,"href":"https:\/\/acs.org.br\/academy\/wp-json\/wp\/v2\/posts\/102159\/revisions"}],"predecessor-version":[{"id":102160,"href":"https:\/\/acs.org.br\/academy\/wp-json\/wp\/v2\/posts\/102159\/revisions\/102160"}],"wp:attachment":[{"href":"https:\/\/acs.org.br\/academy\/wp-json\/wp\/v2\/media?parent=102159"}],"wp:term":[{"taxonomy":"category","embeddable":true,"href":"https:\/\/acs.org.br\/academy\/wp-json\/wp\/v2\/categories?post=102159"},{"taxonomy":"post_tag","embeddable":true,"href":"https:\/\/acs.org.br\/academy\/wp-json\/wp\/v2\/tags?post=102159"}],"curies":[{"name":"wp","href":"https:\/\/api.w.org\/{rel}","templated":true}]}}