{"id":102154,"date":"2021-11-23T10:43:59","date_gmt":"2021-11-23T13:43:59","guid":{"rendered":"https:\/\/acs.org.br\/antigo\/?p=102154"},"modified":"2021-11-23T16:06:18","modified_gmt":"2021-11-23T19:06:18","slug":"economia-inflacao-global-e-impulsionada-por-alta-demanda-e-problemas-em-cadeias-produtivas","status":"publish","type":"post","link":"https:\/\/acs.org.br\/academy\/economia-inflacao-global-e-impulsionada-por-alta-demanda-e-problemas-em-cadeias-produtivas\/","title":{"rendered":"ECONOMIA: Infla\u00e7\u00e3o global \u00e9 impulsionada por alta demanda e problemas em cadeias produtivas"},"content":{"rendered":"<p><em>\u00a0 \u00a0 \u00a0 \u00a0 \u00a0 \u00a0 \u00a0 \u00a0 \u00a0Debate sobre taxas de juros no combate \u00e0 infla\u00e7\u00e3o deve marcar 2022\u00a0\u00a0\u00a0\u00a0\u00a0\u00a0 Freepik\/Wirestock<\/em><\/p>\n<p>Fonte: CNN Brasil<\/p>\n<p>O termo infla\u00e7\u00e3o resume um movimento de alta de pre\u00e7os e, em 2021, esse fen\u00f4meno se espalhou pelo mundo a ponto de se falar de uma \u201cinfla\u00e7\u00e3o global\u201d, consequ\u00eancia da pandemia de Covid-19.<\/p>\n<p><a href=\"https:\/\/www.cnnbrasil.com.br\/business\/inflacao-global-e-impulsionada-por-alta-demanda-e-problemas-em-cadeias-produtivas\/\">LEIA MAIS&#8230;<\/a><\/p>\n","protected":false},"excerpt":{"rendered":"<p>\u00a0 \u00a0 \u00a0 \u00a0 \u00a0 \u00a0 \u00a0 \u00a0 \u00a0Debate sobre taxas de juros no combate \u00e0 infla\u00e7\u00e3o deve marcar 2022\u00a0\u00a0\u00a0\u00a0\u00a0\u00a0 Freepik\/Wirestock Fonte: CNN Brasil O termo infla\u00e7\u00e3o resume um movimento de alta de pre\u00e7os e, em 2021, esse fen\u00f4meno se espalhou pelo mundo a ponto de se falar de uma \u201cinfla\u00e7\u00e3o global\u201d, consequ\u00eancia da pandemia [&hellip;]<\/p>\n","protected":false},"author":3,"featured_media":102155,"comment_status":"open","ping_status":"open","sticky":false,"template":"","format":"standard","meta":{"footnotes":""},"categories":[105],"tags":[],"_links":{"self":[{"href":"https:\/\/acs.org.br\/academy\/wp-json\/wp\/v2\/posts\/102154"}],"collection":[{"href":"https:\/\/acs.org.br\/academy\/wp-json\/wp\/v2\/posts"}],"about":[{"href":"https:\/\/acs.org.br\/academy\/wp-json\/wp\/v2\/types\/post"}],"author":[{"embeddable":true,"href":"https:\/\/acs.org.br\/academy\/wp-json\/wp\/v2\/users\/3"}],"replies":[{"embeddable":true,"href":"https:\/\/acs.org.br\/academy\/wp-json\/wp\/v2\/comments?post=102154"}],"version-history":[{"count":3,"href":"https:\/\/acs.org.br\/academy\/wp-json\/wp\/v2\/posts\/102154\/revisions"}],"predecessor-version":[{"id":102165,"href":"https:\/\/acs.org.br\/academy\/wp-json\/wp\/v2\/posts\/102154\/revisions\/102165"}],"wp:featuredmedia":[{"embeddable":true,"href":"https:\/\/acs.org.br\/academy\/wp-json\/wp\/v2\/media\/102155"}],"wp:attachment":[{"href":"https:\/\/acs.org.br\/academy\/wp-json\/wp\/v2\/media?parent=102154"}],"wp:term":[{"taxonomy":"category","embeddable":true,"href":"https:\/\/acs.org.br\/academy\/wp-json\/wp\/v2\/categories?post=102154"},{"taxonomy":"post_tag","embeddable":true,"href":"https:\/\/acs.org.br\/academy\/wp-json\/wp\/v2\/tags?post=102154"}],"curies":[{"name":"wp","href":"https:\/\/api.w.org\/{rel}","templated":true}]}}