{"id":102150,"date":"2021-11-23T10:42:22","date_gmt":"2021-11-23T13:42:22","guid":{"rendered":"https:\/\/acs.org.br\/antigo\/?p=102150"},"modified":"2021-11-23T10:42:40","modified_gmt":"2021-11-23T13:42:40","slug":"atualidades-mais-tres-cidades-definem-o-iptu-para-o-novo-ano","status":"publish","type":"post","link":"https:\/\/acs.org.br\/academy\/atualidades-mais-tres-cidades-definem-o-iptu-para-o-novo-ano\/","title":{"rendered":"ATUALIDADES: Mais tr\u00eas cidades definem o IPTU para o novo ano"},"content":{"rendered":"<p>Fonte: A Tribuna<\/p>\n<p>Mais tr\u00eas cidades da Baixada Santista definiram os valores para o Imposto Predial e Territorial Urbano (IPTU) do pr\u00f3ximo ano: Praia Grande, Cubat\u00e3o e Mongagu\u00e1.<\/p>\n<p><a href=\"https:\/\/acs.org.br\/antigo\/wp-content\/uploads\/2021\/11\/IPTU-231121.pdf\">LEIA MAIS&#8230;<\/a><\/p>\n","protected":false},"excerpt":{"rendered":"<p>Fonte: A Tribuna Mais tr\u00eas cidades da Baixada Santista definiram os valores para o Imposto Predial e Territorial Urbano (IPTU) do pr\u00f3ximo ano: Praia Grande, Cubat\u00e3o e Mongagu\u00e1. LEIA MAIS&#8230;<\/p>\n","protected":false},"author":3,"featured_media":0,"comment_status":"open","ping_status":"open","sticky":false,"template":"","format":"standard","meta":{"footnotes":""},"categories":[105],"tags":[],"_links":{"self":[{"href":"https:\/\/acs.org.br\/academy\/wp-json\/wp\/v2\/posts\/102150"}],"collection":[{"href":"https:\/\/acs.org.br\/academy\/wp-json\/wp\/v2\/posts"}],"about":[{"href":"https:\/\/acs.org.br\/academy\/wp-json\/wp\/v2\/types\/post"}],"author":[{"embeddable":true,"href":"https:\/\/acs.org.br\/academy\/wp-json\/wp\/v2\/users\/3"}],"replies":[{"embeddable":true,"href":"https:\/\/acs.org.br\/academy\/wp-json\/wp\/v2\/comments?post=102150"}],"version-history":[{"count":2,"href":"https:\/\/acs.org.br\/academy\/wp-json\/wp\/v2\/posts\/102150\/revisions"}],"predecessor-version":[{"id":102153,"href":"https:\/\/acs.org.br\/academy\/wp-json\/wp\/v2\/posts\/102150\/revisions\/102153"}],"wp:attachment":[{"href":"https:\/\/acs.org.br\/academy\/wp-json\/wp\/v2\/media?parent=102150"}],"wp:term":[{"taxonomy":"category","embeddable":true,"href":"https:\/\/acs.org.br\/academy\/wp-json\/wp\/v2\/categories?post=102150"},{"taxonomy":"post_tag","embeddable":true,"href":"https:\/\/acs.org.br\/academy\/wp-json\/wp\/v2\/tags?post=102150"}],"curies":[{"name":"wp","href":"https:\/\/api.w.org\/{rel}","templated":true}]}}