{"id":102143,"date":"2021-11-23T10:39:28","date_gmt":"2021-11-23T13:39:28","guid":{"rendered":"https:\/\/acs.org.br\/antigo\/?p=102143"},"modified":"2021-11-23T10:39:28","modified_gmt":"2021-11-23T13:39:28","slug":"porto-estudo-revela-impactos-do-clima-no-porto","status":"publish","type":"post","link":"https:\/\/acs.org.br\/academy\/porto-estudo-revela-impactos-do-clima-no-porto\/","title":{"rendered":"PORTO: Estudo revela impactos do clima no Porto"},"content":{"rendered":"<p><em>O cais santista est\u00e1 altamente sujeito a vendavais e tamb\u00e9m ao aumento do n\u00edvel do mar\u00a0\u00a0\u00a0\u00a0\u00a0\u00a0\u00a0\u00a0\u00a0 Foto: Carlos Nogueira\/AT<\/em><\/p>\n<p>Fonte: A Tribuna<\/p>\n<p>Dos 21 complexos portu\u00e1rios p\u00fablicos brasileiros, o Porto de Santos \u00e9 um dos primeiros no ranking das instala\u00e7\u00f5es que podem ser impactadas por mudan\u00e7as clim\u00e1ticas.<\/p>\n<p><a href=\"https:\/\/acs.org.br\/antigo\/wp-content\/uploads\/2021\/11\/PORTO-231121.pdf\">LEIA MAIS&#8230;<\/a><\/p>\n","protected":false},"excerpt":{"rendered":"<p>O cais santista est\u00e1 altamente sujeito a vendavais e tamb\u00e9m ao aumento do n\u00edvel do mar\u00a0\u00a0\u00a0\u00a0\u00a0\u00a0\u00a0\u00a0\u00a0 Foto: Carlos Nogueira\/AT Fonte: A Tribuna Dos 21 complexos portu\u00e1rios p\u00fablicos brasileiros, o Porto de Santos \u00e9 um dos primeiros no ranking das instala\u00e7\u00f5es que podem ser impactadas por mudan\u00e7as clim\u00e1ticas. LEIA MAIS&#8230;<\/p>\n","protected":false},"author":3,"featured_media":102144,"comment_status":"open","ping_status":"open","sticky":false,"template":"","format":"standard","meta":{"footnotes":""},"categories":[105],"tags":[],"_links":{"self":[{"href":"https:\/\/acs.org.br\/academy\/wp-json\/wp\/v2\/posts\/102143"}],"collection":[{"href":"https:\/\/acs.org.br\/academy\/wp-json\/wp\/v2\/posts"}],"about":[{"href":"https:\/\/acs.org.br\/academy\/wp-json\/wp\/v2\/types\/post"}],"author":[{"embeddable":true,"href":"https:\/\/acs.org.br\/academy\/wp-json\/wp\/v2\/users\/3"}],"replies":[{"embeddable":true,"href":"https:\/\/acs.org.br\/academy\/wp-json\/wp\/v2\/comments?post=102143"}],"version-history":[{"count":1,"href":"https:\/\/acs.org.br\/academy\/wp-json\/wp\/v2\/posts\/102143\/revisions"}],"predecessor-version":[{"id":102146,"href":"https:\/\/acs.org.br\/academy\/wp-json\/wp\/v2\/posts\/102143\/revisions\/102146"}],"wp:featuredmedia":[{"embeddable":true,"href":"https:\/\/acs.org.br\/academy\/wp-json\/wp\/v2\/media\/102144"}],"wp:attachment":[{"href":"https:\/\/acs.org.br\/academy\/wp-json\/wp\/v2\/media?parent=102143"}],"wp:term":[{"taxonomy":"category","embeddable":true,"href":"https:\/\/acs.org.br\/academy\/wp-json\/wp\/v2\/categories?post=102143"},{"taxonomy":"post_tag","embeddable":true,"href":"https:\/\/acs.org.br\/academy\/wp-json\/wp\/v2\/tags?post=102143"}],"curies":[{"name":"wp","href":"https:\/\/api.w.org\/{rel}","templated":true}]}}