{"id":102133,"date":"2021-11-22T13:50:08","date_gmt":"2021-11-22T16:50:08","guid":{"rendered":"https:\/\/acs.org.br\/antigo\/?p=102133"},"modified":"2021-11-22T13:58:53","modified_gmt":"2021-11-22T16:58:53","slug":"navegacao-black-friday-pode-quebrar-recorde-de-cabotagem-diz-empresa-da-maersk","status":"publish","type":"post","link":"https:\/\/acs.org.br\/academy\/navegacao-black-friday-pode-quebrar-recorde-de-cabotagem-diz-empresa-da-maersk\/","title":{"rendered":"NAVEGA\u00c7\u00c3O: Black Friday pode quebrar recorde de cabotagem, diz empresa da Maersk"},"content":{"rendered":"<p>Fonte: Informativo dos Portos<\/p>\n<p>A empresa brasileira de log\u00edstica integrada Alian\u00e7a, do grupo dinamarqu\u00eas A.P. Moller \u2013 Maersk, espera bater um novo recorde de navega\u00e7\u00e3o de cabotagem com o transporte de carga dom\u00e9stica destinada \u00e0s promo\u00e7\u00f5es da Black Friday.<\/p>\n<p><a href=\"https:\/\/www.informativodosportos.com.br\/black-friday-pode-quebrar-recorde-de-cabotagem-diz-empresa-da-maersk\/\">LEIA MAIS&#8230;<\/a><\/p>\n<p>&nbsp;<\/p>\n","protected":false},"excerpt":{"rendered":"<p>Fonte: Informativo dos Portos A empresa brasileira de log\u00edstica integrada Alian\u00e7a, do grupo dinamarqu\u00eas A.P. Moller \u2013 Maersk, espera bater um novo recorde de navega\u00e7\u00e3o de cabotagem com o transporte de carga dom\u00e9stica destinada \u00e0s promo\u00e7\u00f5es da Black Friday. LEIA MAIS&#8230; &nbsp;<\/p>\n","protected":false},"author":3,"featured_media":102134,"comment_status":"open","ping_status":"open","sticky":false,"template":"","format":"standard","meta":{"footnotes":""},"categories":[105],"tags":[],"_links":{"self":[{"href":"https:\/\/acs.org.br\/academy\/wp-json\/wp\/v2\/posts\/102133"}],"collection":[{"href":"https:\/\/acs.org.br\/academy\/wp-json\/wp\/v2\/posts"}],"about":[{"href":"https:\/\/acs.org.br\/academy\/wp-json\/wp\/v2\/types\/post"}],"author":[{"embeddable":true,"href":"https:\/\/acs.org.br\/academy\/wp-json\/wp\/v2\/users\/3"}],"replies":[{"embeddable":true,"href":"https:\/\/acs.org.br\/academy\/wp-json\/wp\/v2\/comments?post=102133"}],"version-history":[{"count":1,"href":"https:\/\/acs.org.br\/academy\/wp-json\/wp\/v2\/posts\/102133\/revisions"}],"predecessor-version":[{"id":102135,"href":"https:\/\/acs.org.br\/academy\/wp-json\/wp\/v2\/posts\/102133\/revisions\/102135"}],"wp:featuredmedia":[{"embeddable":true,"href":"https:\/\/acs.org.br\/academy\/wp-json\/wp\/v2\/media\/102134"}],"wp:attachment":[{"href":"https:\/\/acs.org.br\/academy\/wp-json\/wp\/v2\/media?parent=102133"}],"wp:term":[{"taxonomy":"category","embeddable":true,"href":"https:\/\/acs.org.br\/academy\/wp-json\/wp\/v2\/categories?post=102133"},{"taxonomy":"post_tag","embeddable":true,"href":"https:\/\/acs.org.br\/academy\/wp-json\/wp\/v2\/tags?post=102133"}],"curies":[{"name":"wp","href":"https:\/\/api.w.org\/{rel}","templated":true}]}}