{"id":101540,"date":"2021-11-03T11:53:50","date_gmt":"2021-11-03T14:53:50","guid":{"rendered":"https:\/\/acs.org.br\/antigo\/?p=101540"},"modified":"2021-11-03T11:53:50","modified_gmt":"2021-11-03T14:53:50","slug":"comercio-exterior-exposicao-internacional-de-importacao-da-china-tera-participacao-de-3-mil-empresas-de-127-paises-e-regioes","status":"publish","type":"post","link":"https:\/\/acs.org.br\/academy\/comercio-exterior-exposicao-internacional-de-importacao-da-china-tera-participacao-de-3-mil-empresas-de-127-paises-e-regioes\/","title":{"rendered":"COM\u00c9RCIO EXTERIOR: Exposi\u00e7\u00e3o internacional de importa\u00e7\u00e3o da China ter\u00e1 participa\u00e7\u00e3o de 3 mil empresas de 127 pa\u00edses e regi\u00f5es"},"content":{"rendered":"<p>Fonte: Informativo dos Portos<\/p>\n<p>Cerca de 3 mil empresas de 127 pa\u00edses e regi\u00f5es participar\u00e3o da 4\u00aa Exposi\u00e7\u00e3o Internacional de Importa\u00e7\u00e3o da China (CIIE, em ingl\u00eas), programada para acontecer offline de 5 a 10 de novembro em Shanghai, disse o organizador na quinta-feira (28).<\/p>\n<p><a href=\"https:\/\/www.informativodosportos.com.br\/exposicao-internacional-de-importacao-da-china-tera-participacao-de-3-mil-empresas-de-127-paises-e-regioes\/\">LEIA MAIS&#8230;<\/a><\/p>\n","protected":false},"excerpt":{"rendered":"<p>Fonte: Informativo dos Portos Cerca de 3 mil empresas de 127 pa\u00edses e regi\u00f5es participar\u00e3o da 4\u00aa Exposi\u00e7\u00e3o Internacional de Importa\u00e7\u00e3o da China (CIIE, em ingl\u00eas), programada para acontecer offline de 5 a 10 de novembro em Shanghai, disse o organizador na quinta-feira (28). LEIA MAIS&#8230;<\/p>\n","protected":false},"author":3,"featured_media":101541,"comment_status":"open","ping_status":"open","sticky":false,"template":"","format":"standard","meta":{"footnotes":""},"categories":[105],"tags":[],"_links":{"self":[{"href":"https:\/\/acs.org.br\/academy\/wp-json\/wp\/v2\/posts\/101540"}],"collection":[{"href":"https:\/\/acs.org.br\/academy\/wp-json\/wp\/v2\/posts"}],"about":[{"href":"https:\/\/acs.org.br\/academy\/wp-json\/wp\/v2\/types\/post"}],"author":[{"embeddable":true,"href":"https:\/\/acs.org.br\/academy\/wp-json\/wp\/v2\/users\/3"}],"replies":[{"embeddable":true,"href":"https:\/\/acs.org.br\/academy\/wp-json\/wp\/v2\/comments?post=101540"}],"version-history":[{"count":1,"href":"https:\/\/acs.org.br\/academy\/wp-json\/wp\/v2\/posts\/101540\/revisions"}],"predecessor-version":[{"id":101542,"href":"https:\/\/acs.org.br\/academy\/wp-json\/wp\/v2\/posts\/101540\/revisions\/101542"}],"wp:featuredmedia":[{"embeddable":true,"href":"https:\/\/acs.org.br\/academy\/wp-json\/wp\/v2\/media\/101541"}],"wp:attachment":[{"href":"https:\/\/acs.org.br\/academy\/wp-json\/wp\/v2\/media?parent=101540"}],"wp:term":[{"taxonomy":"category","embeddable":true,"href":"https:\/\/acs.org.br\/academy\/wp-json\/wp\/v2\/categories?post=101540"},{"taxonomy":"post_tag","embeddable":true,"href":"https:\/\/acs.org.br\/academy\/wp-json\/wp\/v2\/tags?post=101540"}],"curies":[{"name":"wp","href":"https:\/\/api.w.org\/{rel}","templated":true}]}}