{"id":101533,"date":"2021-11-03T11:42:31","date_gmt":"2021-11-03T14:42:31","guid":{"rendered":"https:\/\/acs.org.br\/antigo\/?p=101533"},"modified":"2021-11-03T11:42:31","modified_gmt":"2021-11-03T14:42:31","slug":"atualidades-cop26-brasil-tem-oito-cidades-em-acordo-internacional-por-menor-emissao-de-carbono","status":"publish","type":"post","link":"https:\/\/acs.org.br\/academy\/atualidades-cop26-brasil-tem-oito-cidades-em-acordo-internacional-por-menor-emissao-de-carbono\/","title":{"rendered":"ATUALIDADES: COP26: Brasil tem oito cidades em acordo internacional por menor emiss\u00e3o de carbono"},"content":{"rendered":"<p>Fonte: CNN Brasil<\/p>\n<p>Oito cidades brasileiras est\u00e3o em um grupo de mil, em todo o mundo, que se comprometeram em reduzir pela metade a emiss\u00e3o de carbono at\u00e9 2030.<\/p>\n<p><a href=\"https:\/\/www.cnnbrasil.com.br\/internacional\/cop26-brasil-tem-oito-cidades-em-acordo-internacional-por-menor-emissao-de-carbono\/\">LEIA MAIS&#8230;<\/a><\/p>\n","protected":false},"excerpt":{"rendered":"<p>Fonte: CNN Brasil Oito cidades brasileiras est\u00e3o em um grupo de mil, em todo o mundo, que se comprometeram em reduzir pela metade a emiss\u00e3o de carbono at\u00e9 2030. LEIA MAIS&#8230;<\/p>\n","protected":false},"author":3,"featured_media":101534,"comment_status":"open","ping_status":"open","sticky":false,"template":"","format":"standard","meta":{"footnotes":""},"categories":[105],"tags":[],"_links":{"self":[{"href":"https:\/\/acs.org.br\/academy\/wp-json\/wp\/v2\/posts\/101533"}],"collection":[{"href":"https:\/\/acs.org.br\/academy\/wp-json\/wp\/v2\/posts"}],"about":[{"href":"https:\/\/acs.org.br\/academy\/wp-json\/wp\/v2\/types\/post"}],"author":[{"embeddable":true,"href":"https:\/\/acs.org.br\/academy\/wp-json\/wp\/v2\/users\/3"}],"replies":[{"embeddable":true,"href":"https:\/\/acs.org.br\/academy\/wp-json\/wp\/v2\/comments?post=101533"}],"version-history":[{"count":1,"href":"https:\/\/acs.org.br\/academy\/wp-json\/wp\/v2\/posts\/101533\/revisions"}],"predecessor-version":[{"id":101535,"href":"https:\/\/acs.org.br\/academy\/wp-json\/wp\/v2\/posts\/101533\/revisions\/101535"}],"wp:featuredmedia":[{"embeddable":true,"href":"https:\/\/acs.org.br\/academy\/wp-json\/wp\/v2\/media\/101534"}],"wp:attachment":[{"href":"https:\/\/acs.org.br\/academy\/wp-json\/wp\/v2\/media?parent=101533"}],"wp:term":[{"taxonomy":"category","embeddable":true,"href":"https:\/\/acs.org.br\/academy\/wp-json\/wp\/v2\/categories?post=101533"},{"taxonomy":"post_tag","embeddable":true,"href":"https:\/\/acs.org.br\/academy\/wp-json\/wp\/v2\/tags?post=101533"}],"curies":[{"name":"wp","href":"https:\/\/api.w.org\/{rel}","templated":true}]}}