{"id":101528,"date":"2021-11-03T10:28:13","date_gmt":"2021-11-03T13:28:13","guid":{"rendered":"https:\/\/acs.org.br\/antigo\/?p=101528"},"modified":"2021-11-03T10:28:13","modified_gmt":"2021-11-03T13:28:13","slug":"porto-feriado-enfraquece-greve-dos-caminhoneiros-no-cais-santista","status":"publish","type":"post","link":"https:\/\/acs.org.br\/academy\/porto-feriado-enfraquece-greve-dos-caminhoneiros-no-cais-santista\/","title":{"rendered":"PORTO: Feriado enfraquece greve dos caminhoneiros no cais santista"},"content":{"rendered":"<p>Fonte: A Tribuna<\/p>\n<p>No segundo dia de greve nacional dos caminhoneiros, as opera\u00e7\u00f5es de 80% dos navios atracados ocorreram normalmente, segundo a Autoridade Portu\u00e1ria de Santos (APS).<\/p>\n<p><a href=\"https:\/\/acs.org.br\/antigo\/wp-content\/uploads\/2021\/11\/GREVETRI-03.pdf\">LEIA MAIS&#8230;<\/a><\/p>\n","protected":false},"excerpt":{"rendered":"<p>Fonte: A Tribuna No segundo dia de greve nacional dos caminhoneiros, as opera\u00e7\u00f5es de 80% dos navios atracados ocorreram normalmente, segundo a Autoridade Portu\u00e1ria de Santos (APS). LEIA MAIS&#8230;<\/p>\n","protected":false},"author":3,"featured_media":0,"comment_status":"open","ping_status":"open","sticky":false,"template":"","format":"standard","meta":{"footnotes":""},"categories":[105],"tags":[],"_links":{"self":[{"href":"https:\/\/acs.org.br\/academy\/wp-json\/wp\/v2\/posts\/101528"}],"collection":[{"href":"https:\/\/acs.org.br\/academy\/wp-json\/wp\/v2\/posts"}],"about":[{"href":"https:\/\/acs.org.br\/academy\/wp-json\/wp\/v2\/types\/post"}],"author":[{"embeddable":true,"href":"https:\/\/acs.org.br\/academy\/wp-json\/wp\/v2\/users\/3"}],"replies":[{"embeddable":true,"href":"https:\/\/acs.org.br\/academy\/wp-json\/wp\/v2\/comments?post=101528"}],"version-history":[{"count":1,"href":"https:\/\/acs.org.br\/academy\/wp-json\/wp\/v2\/posts\/101528\/revisions"}],"predecessor-version":[{"id":101529,"href":"https:\/\/acs.org.br\/academy\/wp-json\/wp\/v2\/posts\/101528\/revisions\/101529"}],"wp:attachment":[{"href":"https:\/\/acs.org.br\/academy\/wp-json\/wp\/v2\/media?parent=101528"}],"wp:term":[{"taxonomy":"category","embeddable":true,"href":"https:\/\/acs.org.br\/academy\/wp-json\/wp\/v2\/categories?post=101528"},{"taxonomy":"post_tag","embeddable":true,"href":"https:\/\/acs.org.br\/academy\/wp-json\/wp\/v2\/tags?post=101528"}],"curies":[{"name":"wp","href":"https:\/\/api.w.org\/{rel}","templated":true}]}}