{"id":101519,"date":"2021-11-03T09:52:21","date_gmt":"2021-11-03T12:52:21","guid":{"rendered":"https:\/\/acs.org.br\/antigo\/?p=101519"},"modified":"2021-11-03T09:52:21","modified_gmt":"2021-11-03T12:52:21","slug":"saude-vacinacao-de-criancas-contra-covid-19-e-defendida-por-infectologistas-da-baixada-santista","status":"publish","type":"post","link":"https:\/\/acs.org.br\/academy\/saude-vacinacao-de-criancas-contra-covid-19-e-defendida-por-infectologistas-da-baixada-santista\/","title":{"rendered":"SA\u00daDE: Vacina\u00e7\u00e3o de crian\u00e7as contra covid-19 \u00e9 defendida por infectologistas da Baixada Santista"},"content":{"rendered":"<p>Fonte: A Tribuna<\/p>\n<p>A amea\u00e7a de morte a cinco diretores da Ag\u00eancia Nacional de Vigil\u00e2ncia Sanit\u00e1ria (Anvisa) caso ocorra a aprova\u00e7\u00e3o de vacina contra a covid-19 para crian\u00e7as de 5 a 11 anos levantou uma pol\u00eamica para os pais: vacinar ou n\u00e3o crian\u00e7as nessa faixa et\u00e1ria?<\/p>\n<p><a href=\"https:\/\/acs.org.br\/antigo\/wp-content\/uploads\/2021\/11\/SAUDE-03.pdf\">LEIA MAIS&#8230;<\/a><\/p>\n","protected":false},"excerpt":{"rendered":"<p>Fonte: A Tribuna A amea\u00e7a de morte a cinco diretores da Ag\u00eancia Nacional de Vigil\u00e2ncia Sanit\u00e1ria (Anvisa) caso ocorra a aprova\u00e7\u00e3o de vacina contra a covid-19 para crian\u00e7as de 5 a 11 anos levantou uma pol\u00eamica para os pais: vacinar ou n\u00e3o crian\u00e7as nessa faixa et\u00e1ria? LEIA MAIS&#8230;<\/p>\n","protected":false},"author":3,"featured_media":101521,"comment_status":"open","ping_status":"open","sticky":false,"template":"","format":"standard","meta":{"footnotes":""},"categories":[105],"tags":[],"_links":{"self":[{"href":"https:\/\/acs.org.br\/academy\/wp-json\/wp\/v2\/posts\/101519"}],"collection":[{"href":"https:\/\/acs.org.br\/academy\/wp-json\/wp\/v2\/posts"}],"about":[{"href":"https:\/\/acs.org.br\/academy\/wp-json\/wp\/v2\/types\/post"}],"author":[{"embeddable":true,"href":"https:\/\/acs.org.br\/academy\/wp-json\/wp\/v2\/users\/3"}],"replies":[{"embeddable":true,"href":"https:\/\/acs.org.br\/academy\/wp-json\/wp\/v2\/comments?post=101519"}],"version-history":[{"count":1,"href":"https:\/\/acs.org.br\/academy\/wp-json\/wp\/v2\/posts\/101519\/revisions"}],"predecessor-version":[{"id":101522,"href":"https:\/\/acs.org.br\/academy\/wp-json\/wp\/v2\/posts\/101519\/revisions\/101522"}],"wp:featuredmedia":[{"embeddable":true,"href":"https:\/\/acs.org.br\/academy\/wp-json\/wp\/v2\/media\/101521"}],"wp:attachment":[{"href":"https:\/\/acs.org.br\/academy\/wp-json\/wp\/v2\/media?parent=101519"}],"wp:term":[{"taxonomy":"category","embeddable":true,"href":"https:\/\/acs.org.br\/academy\/wp-json\/wp\/v2\/categories?post=101519"},{"taxonomy":"post_tag","embeddable":true,"href":"https:\/\/acs.org.br\/academy\/wp-json\/wp\/v2\/tags?post=101519"}],"curies":[{"name":"wp","href":"https:\/\/api.w.org\/{rel}","templated":true}]}}