{"id":101457,"date":"2021-11-01T08:18:05","date_gmt":"2021-11-01T11:18:05","guid":{"rendered":"https:\/\/acs.org.br\/antigo\/?p=101457"},"modified":"2021-11-01T08:18:05","modified_gmt":"2021-11-01T11:18:05","slug":"economia-brasil-vai-presidir-grupo-e-sediar-cupula-de-2024","status":"publish","type":"post","link":"https:\/\/acs.org.br\/academy\/economia-brasil-vai-presidir-grupo-e-sediar-cupula-de-2024\/","title":{"rendered":"ECONOMIA: Brasil vai presidir grupo e sediar c\u00fapula de 2024"},"content":{"rendered":"<p>Fonte: Valor Econ\u00f4mico<\/p>\n<p>O Brasil vai presidir o G-20, o grupo das maiores economias do mundo, em 2024, e com isso sediar\u00e1 naquele ano a c\u00fapula dos l\u00edderes, conforme o Valor apurou.<\/p>\n<p><a href=\"https:\/\/acs.org.br\/antigo\/wp-content\/uploads\/2021\/11\/VALOR0111.pdf\">LEIA MAIS&#8230;.<\/a><\/p>\n<p>&nbsp;<\/p>\n","protected":false},"excerpt":{"rendered":"<p>Fonte: Valor Econ\u00f4mico O Brasil vai presidir o G-20, o grupo das maiores economias do mundo, em 2024, e com isso sediar\u00e1 naquele ano a c\u00fapula dos l\u00edderes, conforme o Valor apurou. LEIA MAIS&#8230;. &nbsp;<\/p>\n","protected":false},"author":2,"featured_media":0,"comment_status":"open","ping_status":"open","sticky":false,"template":"","format":"standard","meta":{"footnotes":""},"categories":[105],"tags":[],"_links":{"self":[{"href":"https:\/\/acs.org.br\/academy\/wp-json\/wp\/v2\/posts\/101457"}],"collection":[{"href":"https:\/\/acs.org.br\/academy\/wp-json\/wp\/v2\/posts"}],"about":[{"href":"https:\/\/acs.org.br\/academy\/wp-json\/wp\/v2\/types\/post"}],"author":[{"embeddable":true,"href":"https:\/\/acs.org.br\/academy\/wp-json\/wp\/v2\/users\/2"}],"replies":[{"embeddable":true,"href":"https:\/\/acs.org.br\/academy\/wp-json\/wp\/v2\/comments?post=101457"}],"version-history":[{"count":1,"href":"https:\/\/acs.org.br\/academy\/wp-json\/wp\/v2\/posts\/101457\/revisions"}],"predecessor-version":[{"id":101459,"href":"https:\/\/acs.org.br\/academy\/wp-json\/wp\/v2\/posts\/101457\/revisions\/101459"}],"wp:attachment":[{"href":"https:\/\/acs.org.br\/academy\/wp-json\/wp\/v2\/media?parent=101457"}],"wp:term":[{"taxonomy":"category","embeddable":true,"href":"https:\/\/acs.org.br\/academy\/wp-json\/wp\/v2\/categories?post=101457"},{"taxonomy":"post_tag","embeddable":true,"href":"https:\/\/acs.org.br\/academy\/wp-json\/wp\/v2\/tags?post=101457"}],"curies":[{"name":"wp","href":"https:\/\/api.w.org\/{rel}","templated":true}]}}