{"id":101455,"date":"2021-11-01T08:11:39","date_gmt":"2021-11-01T11:11:39","guid":{"rendered":"https:\/\/acs.org.br\/antigo\/?p=101455"},"modified":"2021-11-01T08:11:39","modified_gmt":"2021-11-01T11:11:39","slug":"flexibilizacao-shows-em-pe-baladas-e-100-das-torcidas-nos-estadios-estao-liberados-em-sp-a-partir-desta-segunda","status":"publish","type":"post","link":"https:\/\/acs.org.br\/academy\/flexibilizacao-shows-em-pe-baladas-e-100-das-torcidas-nos-estadios-estao-liberados-em-sp-a-partir-desta-segunda\/","title":{"rendered":"FLEXIBILIZA\u00c7\u00c3O: Shows em p\u00e9, baladas e 100% das torcidas nos est\u00e1dios est\u00e3o liberados em SP a partir desta segunda"},"content":{"rendered":"<p>Fonte: G1<\/p>\n<p>Depois de quase 600 dias, chegam ao fim as restri\u00e7\u00f5es impostas pelo governo de S\u00e3o Paulo para conter a dissemina\u00e7\u00e3o do coronav\u00edrus. A partir desta segunda-feira (1), os \u00faltimos eventos que estavam proibidos est\u00e3o liberados: os shows com p\u00fablico em p\u00e9, as pistas de dan\u00e7as e a volta de 100% do p\u00fablicos ao est\u00e1dios de futebol, segundo as regras do Plano SP de flexibiliza\u00e7\u00e3o econ\u00f4mica.<\/p>\n<p><a href=\"https:\/\/g1.globo.com\/sp\/sao-paulo\/noticia\/2021\/11\/01\/shows-em-pe-baladas-e-100percent-das-torcidas-nos-estadios-estao-liberados-em-sp-a-partir-desta-segunda.ghtml\">LEIA MAIS&#8230;<\/a><\/p>\n<p>&nbsp;<\/p>\n","protected":false},"excerpt":{"rendered":"<p>Fonte: G1 Depois de quase 600 dias, chegam ao fim as restri\u00e7\u00f5es impostas pelo governo de S\u00e3o Paulo para conter a dissemina\u00e7\u00e3o do coronav\u00edrus. A partir desta segunda-feira (1), os \u00faltimos eventos que estavam proibidos est\u00e3o liberados: os shows com p\u00fablico em p\u00e9, as pistas de dan\u00e7as e a volta de 100% do p\u00fablicos ao [&hellip;]<\/p>\n","protected":false},"author":2,"featured_media":0,"comment_status":"open","ping_status":"open","sticky":false,"template":"","format":"standard","meta":{"footnotes":""},"categories":[105],"tags":[],"_links":{"self":[{"href":"https:\/\/acs.org.br\/academy\/wp-json\/wp\/v2\/posts\/101455"}],"collection":[{"href":"https:\/\/acs.org.br\/academy\/wp-json\/wp\/v2\/posts"}],"about":[{"href":"https:\/\/acs.org.br\/academy\/wp-json\/wp\/v2\/types\/post"}],"author":[{"embeddable":true,"href":"https:\/\/acs.org.br\/academy\/wp-json\/wp\/v2\/users\/2"}],"replies":[{"embeddable":true,"href":"https:\/\/acs.org.br\/academy\/wp-json\/wp\/v2\/comments?post=101455"}],"version-history":[{"count":1,"href":"https:\/\/acs.org.br\/academy\/wp-json\/wp\/v2\/posts\/101455\/revisions"}],"predecessor-version":[{"id":101456,"href":"https:\/\/acs.org.br\/academy\/wp-json\/wp\/v2\/posts\/101455\/revisions\/101456"}],"wp:attachment":[{"href":"https:\/\/acs.org.br\/academy\/wp-json\/wp\/v2\/media?parent=101455"}],"wp:term":[{"taxonomy":"category","embeddable":true,"href":"https:\/\/acs.org.br\/academy\/wp-json\/wp\/v2\/categories?post=101455"},{"taxonomy":"post_tag","embeddable":true,"href":"https:\/\/acs.org.br\/academy\/wp-json\/wp\/v2\/tags?post=101455"}],"curies":[{"name":"wp","href":"https:\/\/api.w.org\/{rel}","templated":true}]}}