{"id":101453,"date":"2021-11-01T08:09:38","date_gmt":"2021-11-01T11:09:38","guid":{"rendered":"https:\/\/acs.org.br\/antigo\/?p=101453"},"modified":"2021-11-01T08:09:38","modified_gmt":"2021-11-01T11:09:38","slug":"porto-caminhoneiros-mantem-atos-hoje","status":"publish","type":"post","link":"https:\/\/acs.org.br\/academy\/porto-caminhoneiros-mantem-atos-hoje\/","title":{"rendered":"PORTO: Caminhoneiros mant\u00eam atos hoje"},"content":{"rendered":"<p>Fonte: A Tribuna<\/p>\n<p>Caminhoneiros que atuam no Porto de Santos mant\u00eam a pretens\u00e3o de aderir \u00e0 paralisa\u00e7\u00e3o nacional prevista para hoje, em atos de defesa de pol\u00edticas para a<br \/>\ncategoria e pela mudan\u00e7a no sistema de reajuste de combust\u00edveis. <\/p>\n<p><a href=\"https:\/\/acs.org.br\/antigo\/wp-content\/uploads\/2021\/11\/CAMINHAO0111.pdf\">LEIA MAIS&#8230;<\/a><\/p>\n","protected":false},"excerpt":{"rendered":"<p>Fonte: A Tribuna Caminhoneiros que atuam no Porto de Santos mant\u00eam a pretens\u00e3o de aderir \u00e0 paralisa\u00e7\u00e3o nacional prevista para hoje, em atos de defesa de pol\u00edticas para a categoria e pela mudan\u00e7a no sistema de reajuste de combust\u00edveis. LEIA MAIS&#8230;<\/p>\n","protected":false},"author":2,"featured_media":0,"comment_status":"open","ping_status":"open","sticky":false,"template":"","format":"standard","meta":{"footnotes":""},"categories":[105],"tags":[],"_links":{"self":[{"href":"https:\/\/acs.org.br\/academy\/wp-json\/wp\/v2\/posts\/101453"}],"collection":[{"href":"https:\/\/acs.org.br\/academy\/wp-json\/wp\/v2\/posts"}],"about":[{"href":"https:\/\/acs.org.br\/academy\/wp-json\/wp\/v2\/types\/post"}],"author":[{"embeddable":true,"href":"https:\/\/acs.org.br\/academy\/wp-json\/wp\/v2\/users\/2"}],"replies":[{"embeddable":true,"href":"https:\/\/acs.org.br\/academy\/wp-json\/wp\/v2\/comments?post=101453"}],"version-history":[{"count":1,"href":"https:\/\/acs.org.br\/academy\/wp-json\/wp\/v2\/posts\/101453\/revisions"}],"predecessor-version":[{"id":101454,"href":"https:\/\/acs.org.br\/academy\/wp-json\/wp\/v2\/posts\/101453\/revisions\/101454"}],"wp:attachment":[{"href":"https:\/\/acs.org.br\/academy\/wp-json\/wp\/v2\/media?parent=101453"}],"wp:term":[{"taxonomy":"category","embeddable":true,"href":"https:\/\/acs.org.br\/academy\/wp-json\/wp\/v2\/categories?post=101453"},{"taxonomy":"post_tag","embeddable":true,"href":"https:\/\/acs.org.br\/academy\/wp-json\/wp\/v2\/tags?post=101453"}],"curies":[{"name":"wp","href":"https:\/\/api.w.org\/{rel}","templated":true}]}}