{"id":101449,"date":"2021-11-01T08:08:06","date_gmt":"2021-11-01T11:08:06","guid":{"rendered":"https:\/\/acs.org.br\/antigo\/?p=101449"},"modified":"2021-11-01T08:08:06","modified_gmt":"2021-11-01T11:08:06","slug":"atualidades-expansao-do-vlt-deve-revitalizar-o-centro","status":"publish","type":"post","link":"https:\/\/acs.org.br\/academy\/atualidades-expansao-do-vlt-deve-revitalizar-o-centro\/","title":{"rendered":"ATUALIDADES: Expans\u00e3o do VLT deve revitalizar o Centro"},"content":{"rendered":"<p>Fonte: A Tribuna<\/p>\n<p>A obra de expans\u00e3o do Ve\u00edculo Leve sobre Trilhos (VLT) para a regi\u00e3o central de Santos \u00e9 considerada por lideran\u00e7as comunit\u00e1rias, empres\u00e1rios e integrantes do poder p\u00fablico, como um fator determinante para revitalizar a \u00e1rea, atrair com\u00e9rcios, gerar empregos e construir novas moradias populares<\/p>\n<p><a href=\"https:\/\/acs.org.br\/antigo\/wp-content\/uploads\/2021\/11\/VLT0111.pdf\">LEIA MAIS&#8230;<\/a><\/p>\n<p>&nbsp;<\/p>\n","protected":false},"excerpt":{"rendered":"<p>Fonte: A Tribuna A obra de expans\u00e3o do Ve\u00edculo Leve sobre Trilhos (VLT) para a regi\u00e3o central de Santos \u00e9 considerada por lideran\u00e7as comunit\u00e1rias, empres\u00e1rios e integrantes do poder p\u00fablico, como um fator determinante para revitalizar a \u00e1rea, atrair com\u00e9rcios, gerar empregos e construir novas moradias populares LEIA MAIS&#8230; &nbsp;<\/p>\n","protected":false},"author":2,"featured_media":0,"comment_status":"open","ping_status":"open","sticky":false,"template":"","format":"standard","meta":{"footnotes":""},"categories":[105],"tags":[],"_links":{"self":[{"href":"https:\/\/acs.org.br\/academy\/wp-json\/wp\/v2\/posts\/101449"}],"collection":[{"href":"https:\/\/acs.org.br\/academy\/wp-json\/wp\/v2\/posts"}],"about":[{"href":"https:\/\/acs.org.br\/academy\/wp-json\/wp\/v2\/types\/post"}],"author":[{"embeddable":true,"href":"https:\/\/acs.org.br\/academy\/wp-json\/wp\/v2\/users\/2"}],"replies":[{"embeddable":true,"href":"https:\/\/acs.org.br\/academy\/wp-json\/wp\/v2\/comments?post=101449"}],"version-history":[{"count":1,"href":"https:\/\/acs.org.br\/academy\/wp-json\/wp\/v2\/posts\/101449\/revisions"}],"predecessor-version":[{"id":101450,"href":"https:\/\/acs.org.br\/academy\/wp-json\/wp\/v2\/posts\/101449\/revisions\/101450"}],"wp:attachment":[{"href":"https:\/\/acs.org.br\/academy\/wp-json\/wp\/v2\/media?parent=101449"}],"wp:term":[{"taxonomy":"category","embeddable":true,"href":"https:\/\/acs.org.br\/academy\/wp-json\/wp\/v2\/categories?post=101449"},{"taxonomy":"post_tag","embeddable":true,"href":"https:\/\/acs.org.br\/academy\/wp-json\/wp\/v2\/tags?post=101449"}],"curies":[{"name":"wp","href":"https:\/\/api.w.org\/{rel}","templated":true}]}}