{"id":101438,"date":"2021-10-29T11:59:13","date_gmt":"2021-10-29T14:59:13","guid":{"rendered":"https:\/\/acs.org.br\/antigo\/?p=101438"},"modified":"2021-10-29T12:03:14","modified_gmt":"2021-10-29T15:03:14","slug":"cafe-encoffee-diretor-geral-do-cecafe-fala-sobre-o-atual-momento-da-cafeicultura-brasileira","status":"publish","type":"post","link":"https:\/\/acs.org.br\/academy\/cafe-encoffee-diretor-geral-do-cecafe-fala-sobre-o-atual-momento-da-cafeicultura-brasileira\/","title":{"rendered":"CAF\u00c9: Encoffee: Diretor geral do Cecaf\u00e9 fala sobre o atual momento da cafeicultura brasileira"},"content":{"rendered":"<p>Fonte: Caf\u00e9 Point<\/p>\n<p>O diretor geral do Conselho dos Exportadores de Caf\u00e9 do Brasil (Cecaf\u00e9), Marcos Matos, participou, na \u00faltima quarta-feira (27), do painel \u201cPerspectivas promissoras para o agro \u2013 \u00e9 hora de investir?\u201d, que contou com a participa\u00e7\u00e3o de Albert Scalla e Fernando Maximiliano, vice-presidente S\u00eanior de Trading e analista de Intelig\u00eancia de Mercado da StoneX, respectivamente.<\/p>\n<p><a href=\"https:\/\/www.cafepoint.com.br\/noticias\/giro-de-noticias\/encoffee-diretor-geral-do-cecafe-fala-sobre-o-atual-momento-da-cafeicultura-brasileira-227835\/\">LEIA MAIS&#8230;<\/a><\/p>\n<p>&nbsp;<\/p>\n","protected":false},"excerpt":{"rendered":"<p>Fonte: Caf\u00e9 Point O diretor geral do Conselho dos Exportadores de Caf\u00e9 do Brasil (Cecaf\u00e9), Marcos Matos, participou, na \u00faltima quarta-feira (27), do painel \u201cPerspectivas promissoras para o agro \u2013 \u00e9 hora de investir?\u201d, que contou com a participa\u00e7\u00e3o de Albert Scalla e Fernando Maximiliano, vice-presidente S\u00eanior de Trading e analista de Intelig\u00eancia de Mercado [&hellip;]<\/p>\n","protected":false},"author":3,"featured_media":101439,"comment_status":"open","ping_status":"open","sticky":false,"template":"","format":"standard","meta":{"footnotes":""},"categories":[105],"tags":[],"_links":{"self":[{"href":"https:\/\/acs.org.br\/academy\/wp-json\/wp\/v2\/posts\/101438"}],"collection":[{"href":"https:\/\/acs.org.br\/academy\/wp-json\/wp\/v2\/posts"}],"about":[{"href":"https:\/\/acs.org.br\/academy\/wp-json\/wp\/v2\/types\/post"}],"author":[{"embeddable":true,"href":"https:\/\/acs.org.br\/academy\/wp-json\/wp\/v2\/users\/3"}],"replies":[{"embeddable":true,"href":"https:\/\/acs.org.br\/academy\/wp-json\/wp\/v2\/comments?post=101438"}],"version-history":[{"count":2,"href":"https:\/\/acs.org.br\/academy\/wp-json\/wp\/v2\/posts\/101438\/revisions"}],"predecessor-version":[{"id":101441,"href":"https:\/\/acs.org.br\/academy\/wp-json\/wp\/v2\/posts\/101438\/revisions\/101441"}],"wp:featuredmedia":[{"embeddable":true,"href":"https:\/\/acs.org.br\/academy\/wp-json\/wp\/v2\/media\/101439"}],"wp:attachment":[{"href":"https:\/\/acs.org.br\/academy\/wp-json\/wp\/v2\/media?parent=101438"}],"wp:term":[{"taxonomy":"category","embeddable":true,"href":"https:\/\/acs.org.br\/academy\/wp-json\/wp\/v2\/categories?post=101438"},{"taxonomy":"post_tag","embeddable":true,"href":"https:\/\/acs.org.br\/academy\/wp-json\/wp\/v2\/tags?post=101438"}],"curies":[{"name":"wp","href":"https:\/\/api.w.org\/{rel}","templated":true}]}}