{"id":101435,"date":"2021-10-29T11:55:58","date_gmt":"2021-10-29T14:55:58","guid":{"rendered":"https:\/\/acs.org.br\/antigo\/?p=101435"},"modified":"2021-10-29T11:55:58","modified_gmt":"2021-10-29T14:55:58","slug":"politica-bolsonaro-biden-e-lideres-mundiais-chegam-a-italia-para-o-g20","status":"publish","type":"post","link":"https:\/\/acs.org.br\/academy\/politica-bolsonaro-biden-e-lideres-mundiais-chegam-a-italia-para-o-g20\/","title":{"rendered":"POL\u00cdTICA: Bolsonaro, Biden e l\u00edderes mundiais chegam \u00e0 It\u00e1lia para o G20"},"content":{"rendered":"<p>Fonte: CNN Brasil<\/p>\n<p>L\u00edderes mundiais come\u00e7am a desembarcar nesta sexta-feira (29) em Roma, capital italiana, para o encontro da c\u00fapula do G20, grupo de pa\u00edses mais ricos do mundo.<\/p>\n<p><a href=\"https:\/\/www.cnnbrasil.com.br\/internacional\/bolsonaro-biden-e-lideres-mundiais-chegam-a-italia-para-o-g20\/\">LEIA MAIS&#8230;<\/a><\/p>\n","protected":false},"excerpt":{"rendered":"<p>Fonte: CNN Brasil L\u00edderes mundiais come\u00e7am a desembarcar nesta sexta-feira (29) em Roma, capital italiana, para o encontro da c\u00fapula do G20, grupo de pa\u00edses mais ricos do mundo. LEIA MAIS&#8230;<\/p>\n","protected":false},"author":3,"featured_media":101436,"comment_status":"open","ping_status":"open","sticky":false,"template":"","format":"standard","meta":{"footnotes":""},"categories":[105],"tags":[],"_links":{"self":[{"href":"https:\/\/acs.org.br\/academy\/wp-json\/wp\/v2\/posts\/101435"}],"collection":[{"href":"https:\/\/acs.org.br\/academy\/wp-json\/wp\/v2\/posts"}],"about":[{"href":"https:\/\/acs.org.br\/academy\/wp-json\/wp\/v2\/types\/post"}],"author":[{"embeddable":true,"href":"https:\/\/acs.org.br\/academy\/wp-json\/wp\/v2\/users\/3"}],"replies":[{"embeddable":true,"href":"https:\/\/acs.org.br\/academy\/wp-json\/wp\/v2\/comments?post=101435"}],"version-history":[{"count":1,"href":"https:\/\/acs.org.br\/academy\/wp-json\/wp\/v2\/posts\/101435\/revisions"}],"predecessor-version":[{"id":101437,"href":"https:\/\/acs.org.br\/academy\/wp-json\/wp\/v2\/posts\/101435\/revisions\/101437"}],"wp:featuredmedia":[{"embeddable":true,"href":"https:\/\/acs.org.br\/academy\/wp-json\/wp\/v2\/media\/101436"}],"wp:attachment":[{"href":"https:\/\/acs.org.br\/academy\/wp-json\/wp\/v2\/media?parent=101435"}],"wp:term":[{"taxonomy":"category","embeddable":true,"href":"https:\/\/acs.org.br\/academy\/wp-json\/wp\/v2\/categories?post=101435"},{"taxonomy":"post_tag","embeddable":true,"href":"https:\/\/acs.org.br\/academy\/wp-json\/wp\/v2\/tags?post=101435"}],"curies":[{"name":"wp","href":"https:\/\/api.w.org\/{rel}","templated":true}]}}