{"id":101432,"date":"2021-10-29T11:09:17","date_gmt":"2021-10-29T14:09:17","guid":{"rendered":"https:\/\/acs.org.br\/antigo\/?p=101432"},"modified":"2021-10-29T11:09:17","modified_gmt":"2021-10-29T14:09:17","slug":"economia-conselho-do-governo-e-estados-decide-congelar-icms-sobre-combustiveis-por-90-dias","status":"publish","type":"post","link":"https:\/\/acs.org.br\/academy\/economia-conselho-do-governo-e-estados-decide-congelar-icms-sobre-combustiveis-por-90-dias\/","title":{"rendered":"ECONOMIA: Conselho do governo e estados decide &#8216;congelar&#8217; ICMS sobre combust\u00edveis por 90 dias"},"content":{"rendered":"<p>Fonte: G1<\/p>\n<p>O Conselho Nacional de Pol\u00edtica Fazend\u00e1ria (Confaz), formado pelo governo e representantes dos estados, aprovou nesta sexta-feira (29) o congelamento do chamado &#8220;pre\u00e7o m\u00e9dio ponderado ao consumidor final&#8221; \u2014 sobre o qual incide o Imposto sobre Circula\u00e7\u00e3o de Mercadorias e Servi\u00e7os (ICMS) estadual cobrado nas vendas de combust\u00edveis, por 90 dias. A informa\u00e7\u00e3o foi divulgada pelo Minist\u00e9rio da Economia.<\/p>\n<p><a href=\"https:\/\/g1.globo.com\/economia\/noticia\/2021\/10\/29\/conselho-do-governo-e-estados-decide-congelar-icms-sobre-combustiveis-por-90-dias.ghtml\">LEIA MAIS&#8230;<\/a><\/p>\n<p>&nbsp;<\/p>\n","protected":false},"excerpt":{"rendered":"<p>Fonte: G1 O Conselho Nacional de Pol\u00edtica Fazend\u00e1ria (Confaz), formado pelo governo e representantes dos estados, aprovou nesta sexta-feira (29) o congelamento do chamado &#8220;pre\u00e7o m\u00e9dio ponderado ao consumidor final&#8221; \u2014 sobre o qual incide o Imposto sobre Circula\u00e7\u00e3o de Mercadorias e Servi\u00e7os (ICMS) estadual cobrado nas vendas de combust\u00edveis, por 90 dias. A informa\u00e7\u00e3o [&hellip;]<\/p>\n","protected":false},"author":3,"featured_media":0,"comment_status":"open","ping_status":"open","sticky":false,"template":"","format":"standard","meta":{"footnotes":""},"categories":[105],"tags":[],"_links":{"self":[{"href":"https:\/\/acs.org.br\/academy\/wp-json\/wp\/v2\/posts\/101432"}],"collection":[{"href":"https:\/\/acs.org.br\/academy\/wp-json\/wp\/v2\/posts"}],"about":[{"href":"https:\/\/acs.org.br\/academy\/wp-json\/wp\/v2\/types\/post"}],"author":[{"embeddable":true,"href":"https:\/\/acs.org.br\/academy\/wp-json\/wp\/v2\/users\/3"}],"replies":[{"embeddable":true,"href":"https:\/\/acs.org.br\/academy\/wp-json\/wp\/v2\/comments?post=101432"}],"version-history":[{"count":1,"href":"https:\/\/acs.org.br\/academy\/wp-json\/wp\/v2\/posts\/101432\/revisions"}],"predecessor-version":[{"id":101433,"href":"https:\/\/acs.org.br\/academy\/wp-json\/wp\/v2\/posts\/101432\/revisions\/101433"}],"wp:attachment":[{"href":"https:\/\/acs.org.br\/academy\/wp-json\/wp\/v2\/media?parent=101432"}],"wp:term":[{"taxonomy":"category","embeddable":true,"href":"https:\/\/acs.org.br\/academy\/wp-json\/wp\/v2\/categories?post=101432"},{"taxonomy":"post_tag","embeddable":true,"href":"https:\/\/acs.org.br\/academy\/wp-json\/wp\/v2\/tags?post=101432"}],"curies":[{"name":"wp","href":"https:\/\/api.w.org\/{rel}","templated":true}]}}