{"id":101427,"date":"2021-10-29T11:06:24","date_gmt":"2021-10-29T14:06:24","guid":{"rendered":"https:\/\/acs.org.br\/antigo\/?p=101427"},"modified":"2021-10-29T12:29:09","modified_gmt":"2021-10-29T15:29:09","slug":"economia-concessao-da-via-dutra-e-de-trecho-da-rio-santos-vai-a-leilao-hoje","status":"publish","type":"post","link":"https:\/\/acs.org.br\/academy\/economia-concessao-da-via-dutra-e-de-trecho-da-rio-santos-vai-a-leilao-hoje\/","title":{"rendered":"ECONOMIA: Concess\u00e3o da Via Dutra e de trecho da Rio-Santos vai a leil\u00e3o hoje"},"content":{"rendered":"<p>Fonte: Ag\u00eancia Brasil<\/p>\n<p>Ser\u00e1 realizado na tarde de hoje (29), na B3 (bolsa de valores de S\u00e3o Paulo), o leil\u00e3o de concess\u00e3o da Rodovia Presidente Dutra (BR-116) e de um trecho da Rio-Santos (BR-101). S\u00e3o 625,8 quil\u00f4metros que fazem a liga\u00e7\u00e3o entre as regi\u00f5es metropolitanas de S\u00e3o Paulo e do Rio de Janeiro, al\u00e9m de fazer parte da conex\u00e3o entre a Regi\u00e3o Nordeste e o Sul do pa\u00eds.<\/p>\n<p><a href=\"https:\/\/agenciabrasil.ebc.com.br\/economia\/noticia\/2021-10\/concessao-da-dutra-e-de-trecho-da-rio-santos-vai-leilao-hoje\">LEIA MAIS&#8230;<\/a><\/p>\n<p>&nbsp;<\/p>\n","protected":false},"excerpt":{"rendered":"<p>Fonte: Ag\u00eancia Brasil Ser\u00e1 realizado na tarde de hoje (29), na B3 (bolsa de valores de S\u00e3o Paulo), o leil\u00e3o de concess\u00e3o da Rodovia Presidente Dutra (BR-116) e de um trecho da Rio-Santos (BR-101). S\u00e3o 625,8 quil\u00f4metros que fazem a liga\u00e7\u00e3o entre as regi\u00f5es metropolitanas de S\u00e3o Paulo e do Rio de Janeiro, al\u00e9m de [&hellip;]<\/p>\n","protected":false},"author":3,"featured_media":101428,"comment_status":"open","ping_status":"open","sticky":false,"template":"","format":"standard","meta":{"footnotes":""},"categories":[105],"tags":[],"_links":{"self":[{"href":"https:\/\/acs.org.br\/academy\/wp-json\/wp\/v2\/posts\/101427"}],"collection":[{"href":"https:\/\/acs.org.br\/academy\/wp-json\/wp\/v2\/posts"}],"about":[{"href":"https:\/\/acs.org.br\/academy\/wp-json\/wp\/v2\/types\/post"}],"author":[{"embeddable":true,"href":"https:\/\/acs.org.br\/academy\/wp-json\/wp\/v2\/users\/3"}],"replies":[{"embeddable":true,"href":"https:\/\/acs.org.br\/academy\/wp-json\/wp\/v2\/comments?post=101427"}],"version-history":[{"count":2,"href":"https:\/\/acs.org.br\/academy\/wp-json\/wp\/v2\/posts\/101427\/revisions"}],"predecessor-version":[{"id":101431,"href":"https:\/\/acs.org.br\/academy\/wp-json\/wp\/v2\/posts\/101427\/revisions\/101431"}],"wp:featuredmedia":[{"embeddable":true,"href":"https:\/\/acs.org.br\/academy\/wp-json\/wp\/v2\/media\/101428"}],"wp:attachment":[{"href":"https:\/\/acs.org.br\/academy\/wp-json\/wp\/v2\/media?parent=101427"}],"wp:term":[{"taxonomy":"category","embeddable":true,"href":"https:\/\/acs.org.br\/academy\/wp-json\/wp\/v2\/categories?post=101427"},{"taxonomy":"post_tag","embeddable":true,"href":"https:\/\/acs.org.br\/academy\/wp-json\/wp\/v2\/tags?post=101427"}],"curies":[{"name":"wp","href":"https:\/\/api.w.org\/{rel}","templated":true}]}}