{"id":101425,"date":"2021-10-29T11:00:31","date_gmt":"2021-10-29T14:00:31","guid":{"rendered":"https:\/\/acs.org.br\/antigo\/?p=101425"},"modified":"2021-10-29T11:05:06","modified_gmt":"2021-10-29T14:05:06","slug":"infraestrutura-senado-volta-a-adiar-decisao-sobre-portaria-de-ferrovias-e-espera-tcu","status":"publish","type":"post","link":"https:\/\/acs.org.br\/academy\/infraestrutura-senado-volta-a-adiar-decisao-sobre-portaria-de-ferrovias-e-espera-tcu\/","title":{"rendered":"INFRAESTRUTURA: Senado volta a adiar decis\u00e3o sobre portaria de ferrovias e espera TCU"},"content":{"rendered":"<p>Fonte: Ag\u00eancia Porto<\/p>\n<p>O Plen\u00e1rio do Senado adiou, nesta quinta-feira (28), a vota\u00e7\u00e3o do projeto de decreto legislativo que torna sem efeito uma portaria do Minist\u00e9rio da Infraestrutura sobre explora\u00e7\u00e3o de ferrovias (PDL 826\/2021). O senador Jos\u00e9 An\u00edbal (PSDB-SP), relator do PDL, pediu para que o Senado aguarde uma manifesta\u00e7\u00e3o do Tribunal de Contas da Uni\u00e3o (TCU) sobre o assunto.<\/p>\n<p><a href=\"http:\/\/agenciaporto.com\/senado-volta-a-adiar-decisao-sobre-portaria-de-ferrovias-e-espera-tcu\/\">LEIA MAIS&#8230;<\/a><\/p>\n<p>&nbsp;<\/p>\n","protected":false},"excerpt":{"rendered":"<p>Fonte: Ag\u00eancia Porto O Plen\u00e1rio do Senado adiou, nesta quinta-feira (28), a vota\u00e7\u00e3o do projeto de decreto legislativo que torna sem efeito uma portaria do Minist\u00e9rio da Infraestrutura sobre explora\u00e7\u00e3o de ferrovias (PDL 826\/2021). O senador Jos\u00e9 An\u00edbal (PSDB-SP), relator do PDL, pediu para que o Senado aguarde uma manifesta\u00e7\u00e3o do Tribunal de Contas da [&hellip;]<\/p>\n","protected":false},"author":3,"featured_media":0,"comment_status":"open","ping_status":"open","sticky":false,"template":"","format":"standard","meta":{"footnotes":""},"categories":[105],"tags":[],"_links":{"self":[{"href":"https:\/\/acs.org.br\/academy\/wp-json\/wp\/v2\/posts\/101425"}],"collection":[{"href":"https:\/\/acs.org.br\/academy\/wp-json\/wp\/v2\/posts"}],"about":[{"href":"https:\/\/acs.org.br\/academy\/wp-json\/wp\/v2\/types\/post"}],"author":[{"embeddable":true,"href":"https:\/\/acs.org.br\/academy\/wp-json\/wp\/v2\/users\/3"}],"replies":[{"embeddable":true,"href":"https:\/\/acs.org.br\/academy\/wp-json\/wp\/v2\/comments?post=101425"}],"version-history":[{"count":1,"href":"https:\/\/acs.org.br\/academy\/wp-json\/wp\/v2\/posts\/101425\/revisions"}],"predecessor-version":[{"id":101426,"href":"https:\/\/acs.org.br\/academy\/wp-json\/wp\/v2\/posts\/101425\/revisions\/101426"}],"wp:attachment":[{"href":"https:\/\/acs.org.br\/academy\/wp-json\/wp\/v2\/media?parent=101425"}],"wp:term":[{"taxonomy":"category","embeddable":true,"href":"https:\/\/acs.org.br\/academy\/wp-json\/wp\/v2\/categories?post=101425"},{"taxonomy":"post_tag","embeddable":true,"href":"https:\/\/acs.org.br\/academy\/wp-json\/wp\/v2\/tags?post=101425"}],"curies":[{"name":"wp","href":"https:\/\/api.w.org\/{rel}","templated":true}]}}