{"id":101416,"date":"2021-10-29T10:54:47","date_gmt":"2021-10-29T13:54:47","guid":{"rendered":"https:\/\/acs.org.br\/antigo\/?p=101416"},"modified":"2021-10-29T12:28:08","modified_gmt":"2021-10-29T15:28:08","slug":"porto-consulta-para-privatizar-porto-de-santos-sai-neste-ano-diz-ministro","status":"publish","type":"post","link":"https:\/\/acs.org.br\/academy\/porto-consulta-para-privatizar-porto-de-santos-sai-neste-ano-diz-ministro\/","title":{"rendered":"PORTO: Consulta para privatizar Porto de Santos sai neste ano, diz ministro"},"content":{"rendered":"<p>Fonte: Informativo dos Portos<\/p>\n<p>O ministro da Infraestrutura, Tarc\u00edsio Gomes de Freitas, disse que os estudos para defini\u00e7\u00e3o do modelo de privatiza\u00e7\u00e3o do Porto de Santos, no litoral paulista, est\u00e3o perto da conclus\u00e3o e uma consulta p\u00fablica sobre a desestatiza\u00e7\u00e3o deve ocorrer ainda neste ano.<\/p>\n<p><a href=\"https:\/\/www.informativodosportos.com.br\/consulta-para-privatizar-porto-de-santos-sai-neste-ano-diz-ministro\/\">LEIA MAIS&#8230;<\/a><\/p>\n","protected":false},"excerpt":{"rendered":"<p>Fonte: Informativo dos Portos O ministro da Infraestrutura, Tarc\u00edsio Gomes de Freitas, disse que os estudos para defini\u00e7\u00e3o do modelo de privatiza\u00e7\u00e3o do Porto de Santos, no litoral paulista, est\u00e3o perto da conclus\u00e3o e uma consulta p\u00fablica sobre a desestatiza\u00e7\u00e3o deve ocorrer ainda neste ano. LEIA MAIS&#8230;<\/p>\n","protected":false},"author":3,"featured_media":101417,"comment_status":"open","ping_status":"open","sticky":false,"template":"","format":"standard","meta":{"footnotes":""},"categories":[105],"tags":[],"_links":{"self":[{"href":"https:\/\/acs.org.br\/academy\/wp-json\/wp\/v2\/posts\/101416"}],"collection":[{"href":"https:\/\/acs.org.br\/academy\/wp-json\/wp\/v2\/posts"}],"about":[{"href":"https:\/\/acs.org.br\/academy\/wp-json\/wp\/v2\/types\/post"}],"author":[{"embeddable":true,"href":"https:\/\/acs.org.br\/academy\/wp-json\/wp\/v2\/users\/3"}],"replies":[{"embeddable":true,"href":"https:\/\/acs.org.br\/academy\/wp-json\/wp\/v2\/comments?post=101416"}],"version-history":[{"count":2,"href":"https:\/\/acs.org.br\/academy\/wp-json\/wp\/v2\/posts\/101416\/revisions"}],"predecessor-version":[{"id":101442,"href":"https:\/\/acs.org.br\/academy\/wp-json\/wp\/v2\/posts\/101416\/revisions\/101442"}],"wp:featuredmedia":[{"embeddable":true,"href":"https:\/\/acs.org.br\/academy\/wp-json\/wp\/v2\/media\/101417"}],"wp:attachment":[{"href":"https:\/\/acs.org.br\/academy\/wp-json\/wp\/v2\/media?parent=101416"}],"wp:term":[{"taxonomy":"category","embeddable":true,"href":"https:\/\/acs.org.br\/academy\/wp-json\/wp\/v2\/categories?post=101416"},{"taxonomy":"post_tag","embeddable":true,"href":"https:\/\/acs.org.br\/academy\/wp-json\/wp\/v2\/tags?post=101416"}],"curies":[{"name":"wp","href":"https:\/\/api.w.org\/{rel}","templated":true}]}}