{"id":101384,"date":"2021-10-28T14:43:44","date_gmt":"2021-10-28T17:43:44","guid":{"rendered":"https:\/\/acs.org.br\/antigo\/?p=101384"},"modified":"2021-10-28T14:43:44","modified_gmt":"2021-10-28T17:43:44","slug":"cafe-experimentos-da-illycaffe-com-agricultura-regenerativa-visam-cafe-neutro-em-carbono-ate-2023","status":"publish","type":"post","link":"https:\/\/acs.org.br\/academy\/cafe-experimentos-da-illycaffe-com-agricultura-regenerativa-visam-cafe-neutro-em-carbono-ate-2023\/","title":{"rendered":"CAF\u00c9: Experimentos da illycaff\u00e8 com agricultura regenerativa visam caf\u00e9 neutro em carbono at\u00e9 2023"},"content":{"rendered":"<p>Fonte: Caf\u00e9 Point<\/p>\n<p>A produ\u00e7\u00e3o de caf\u00e9 &#8211; a principal fonte de receita de mais de 25 milh\u00f5es de fam\u00edlias em 50 pa\u00edses &#8211; est\u00e1 agora seriamente amea\u00e7ada pelo aquecimento global. De acordo com estimativas, grande parte da \u00e1rea atualmente utilizada para o cultivo de caf\u00e9 n\u00e3o ser\u00e1 mais adequada at\u00e9 2050.<\/p>\n<p><a href=\"https:\/\/www.cafepoint.com.br\/noticias\/giro-de-noticias\/experimentos-da-illycaffe-com-agricultura-regenerativa-visam-cafe-neutro-em-carbono-ate-2023-227820\/\">LEIA MAIS&#8230;<\/a><\/p>\n<p>&nbsp;<\/p>\n","protected":false},"excerpt":{"rendered":"<p>Fonte: Caf\u00e9 Point A produ\u00e7\u00e3o de caf\u00e9 &#8211; a principal fonte de receita de mais de 25 milh\u00f5es de fam\u00edlias em 50 pa\u00edses &#8211; est\u00e1 agora seriamente amea\u00e7ada pelo aquecimento global. De acordo com estimativas, grande parte da \u00e1rea atualmente utilizada para o cultivo de caf\u00e9 n\u00e3o ser\u00e1 mais adequada at\u00e9 2050. LEIA MAIS&#8230; &nbsp;<\/p>\n","protected":false},"author":3,"featured_media":0,"comment_status":"open","ping_status":"open","sticky":false,"template":"","format":"standard","meta":{"footnotes":""},"categories":[105],"tags":[],"_links":{"self":[{"href":"https:\/\/acs.org.br\/academy\/wp-json\/wp\/v2\/posts\/101384"}],"collection":[{"href":"https:\/\/acs.org.br\/academy\/wp-json\/wp\/v2\/posts"}],"about":[{"href":"https:\/\/acs.org.br\/academy\/wp-json\/wp\/v2\/types\/post"}],"author":[{"embeddable":true,"href":"https:\/\/acs.org.br\/academy\/wp-json\/wp\/v2\/users\/3"}],"replies":[{"embeddable":true,"href":"https:\/\/acs.org.br\/academy\/wp-json\/wp\/v2\/comments?post=101384"}],"version-history":[{"count":1,"href":"https:\/\/acs.org.br\/academy\/wp-json\/wp\/v2\/posts\/101384\/revisions"}],"predecessor-version":[{"id":101385,"href":"https:\/\/acs.org.br\/academy\/wp-json\/wp\/v2\/posts\/101384\/revisions\/101385"}],"wp:attachment":[{"href":"https:\/\/acs.org.br\/academy\/wp-json\/wp\/v2\/media?parent=101384"}],"wp:term":[{"taxonomy":"category","embeddable":true,"href":"https:\/\/acs.org.br\/academy\/wp-json\/wp\/v2\/categories?post=101384"},{"taxonomy":"post_tag","embeddable":true,"href":"https:\/\/acs.org.br\/academy\/wp-json\/wp\/v2\/tags?post=101384"}],"curies":[{"name":"wp","href":"https:\/\/api.w.org\/{rel}","templated":true}]}}