{"id":101379,"date":"2021-10-28T14:40:31","date_gmt":"2021-10-28T17:40:31","guid":{"rendered":"https:\/\/acs.org.br\/antigo\/?p=101379"},"modified":"2021-10-28T14:40:31","modified_gmt":"2021-10-28T17:40:31","slug":"economia-bc-anuncia-saida-de-diretor-que-foi-um-dos-responsaveis-por-implantacao-do-pix","status":"publish","type":"post","link":"https:\/\/acs.org.br\/academy\/economia-bc-anuncia-saida-de-diretor-que-foi-um-dos-responsaveis-por-implantacao-do-pix\/","title":{"rendered":"ECONOMIA: BC anuncia sa\u00edda de diretor que foi um dos respons\u00e1veis por implanta\u00e7\u00e3o do PIX"},"content":{"rendered":"<p>Fonte: G1<\/p>\n<p>O Banco Central informou nesta quinta-feira (28) que ser\u00e1 promovida uma altera\u00e7\u00e3o na sua diretoria. O an\u00fancio acontece ap\u00f3s a institui\u00e7\u00e3o ter elevado, nesta quarta-feira (27), a taxa b\u00e1sica de juros de 6,25% para 7,75% ao ano &#8211; no que foi o maior aumento desde dezembro de 2002.<\/p>\n<p><a href=\"https:\/\/g1.globo.com\/economia\/noticia\/2021\/10\/28\/banco-central-anuncia-troca-na-diretoria.ghtml\">LEIA MAIS&#8230;<\/a><\/p>\n<p>&nbsp;<\/p>\n","protected":false},"excerpt":{"rendered":"<p>Fonte: G1 O Banco Central informou nesta quinta-feira (28) que ser\u00e1 promovida uma altera\u00e7\u00e3o na sua diretoria. O an\u00fancio acontece ap\u00f3s a institui\u00e7\u00e3o ter elevado, nesta quarta-feira (27), a taxa b\u00e1sica de juros de 6,25% para 7,75% ao ano &#8211; no que foi o maior aumento desde dezembro de 2002. LEIA MAIS&#8230; &nbsp;<\/p>\n","protected":false},"author":3,"featured_media":0,"comment_status":"open","ping_status":"open","sticky":false,"template":"","format":"standard","meta":{"footnotes":""},"categories":[105],"tags":[],"_links":{"self":[{"href":"https:\/\/acs.org.br\/academy\/wp-json\/wp\/v2\/posts\/101379"}],"collection":[{"href":"https:\/\/acs.org.br\/academy\/wp-json\/wp\/v2\/posts"}],"about":[{"href":"https:\/\/acs.org.br\/academy\/wp-json\/wp\/v2\/types\/post"}],"author":[{"embeddable":true,"href":"https:\/\/acs.org.br\/academy\/wp-json\/wp\/v2\/users\/3"}],"replies":[{"embeddable":true,"href":"https:\/\/acs.org.br\/academy\/wp-json\/wp\/v2\/comments?post=101379"}],"version-history":[{"count":1,"href":"https:\/\/acs.org.br\/academy\/wp-json\/wp\/v2\/posts\/101379\/revisions"}],"predecessor-version":[{"id":101380,"href":"https:\/\/acs.org.br\/academy\/wp-json\/wp\/v2\/posts\/101379\/revisions\/101380"}],"wp:attachment":[{"href":"https:\/\/acs.org.br\/academy\/wp-json\/wp\/v2\/media?parent=101379"}],"wp:term":[{"taxonomy":"category","embeddable":true,"href":"https:\/\/acs.org.br\/academy\/wp-json\/wp\/v2\/categories?post=101379"},{"taxonomy":"post_tag","embeddable":true,"href":"https:\/\/acs.org.br\/academy\/wp-json\/wp\/v2\/tags?post=101379"}],"curies":[{"name":"wp","href":"https:\/\/api.w.org\/{rel}","templated":true}]}}