{"id":101376,"date":"2021-10-28T14:37:14","date_gmt":"2021-10-28T17:37:14","guid":{"rendered":"https:\/\/acs.org.br\/antigo\/?p=101376"},"modified":"2021-10-28T14:37:14","modified_gmt":"2021-10-28T17:37:14","slug":"economia-sao-paulo-prefeitura-libera-ocupacao-maxima-e-acaba-com-restricao-de-horario-no-comercio","status":"publish","type":"post","link":"https:\/\/acs.org.br\/academy\/economia-sao-paulo-prefeitura-libera-ocupacao-maxima-e-acaba-com-restricao-de-horario-no-comercio\/","title":{"rendered":"ECONOMIA: S\u00e3o Paulo: Prefeitura libera ocupa\u00e7\u00e3o m\u00e1xima e acaba com restri\u00e7\u00e3o de hor\u00e1rio no com\u00e9rcio"},"content":{"rendered":"<p>Fonte: CNN Brasil<\/p>\n<p>O prefeito de S\u00e3o Paulo, Ricardo Nunes (MDB), diminuiu nesta quinta-feira (28) por meio de um decreto as medidas de restri\u00e7\u00e3o adotadas na cidade para conter o avan\u00e7o da Covid-19.<\/p>\n<p><a href=\"https:\/\/www.cnnbrasil.com.br\/nacional\/sao-paulo-prefeitura-libera-ocupacao-maxima-e-acaba-com-restricao-de-horario-no-comercio\/\">LEIA MAIS&#8230;<\/a><\/p>\n","protected":false},"excerpt":{"rendered":"<p>Fonte: CNN Brasil O prefeito de S\u00e3o Paulo, Ricardo Nunes (MDB), diminuiu nesta quinta-feira (28) por meio de um decreto as medidas de restri\u00e7\u00e3o adotadas na cidade para conter o avan\u00e7o da Covid-19. LEIA MAIS&#8230;<\/p>\n","protected":false},"author":3,"featured_media":101377,"comment_status":"open","ping_status":"open","sticky":false,"template":"","format":"standard","meta":{"footnotes":""},"categories":[105],"tags":[],"_links":{"self":[{"href":"https:\/\/acs.org.br\/academy\/wp-json\/wp\/v2\/posts\/101376"}],"collection":[{"href":"https:\/\/acs.org.br\/academy\/wp-json\/wp\/v2\/posts"}],"about":[{"href":"https:\/\/acs.org.br\/academy\/wp-json\/wp\/v2\/types\/post"}],"author":[{"embeddable":true,"href":"https:\/\/acs.org.br\/academy\/wp-json\/wp\/v2\/users\/3"}],"replies":[{"embeddable":true,"href":"https:\/\/acs.org.br\/academy\/wp-json\/wp\/v2\/comments?post=101376"}],"version-history":[{"count":1,"href":"https:\/\/acs.org.br\/academy\/wp-json\/wp\/v2\/posts\/101376\/revisions"}],"predecessor-version":[{"id":101378,"href":"https:\/\/acs.org.br\/academy\/wp-json\/wp\/v2\/posts\/101376\/revisions\/101378"}],"wp:featuredmedia":[{"embeddable":true,"href":"https:\/\/acs.org.br\/academy\/wp-json\/wp\/v2\/media\/101377"}],"wp:attachment":[{"href":"https:\/\/acs.org.br\/academy\/wp-json\/wp\/v2\/media?parent=101376"}],"wp:term":[{"taxonomy":"category","embeddable":true,"href":"https:\/\/acs.org.br\/academy\/wp-json\/wp\/v2\/categories?post=101376"},{"taxonomy":"post_tag","embeddable":true,"href":"https:\/\/acs.org.br\/academy\/wp-json\/wp\/v2\/tags?post=101376"}],"curies":[{"name":"wp","href":"https:\/\/api.w.org\/{rel}","templated":true}]}}