{"id":101370,"date":"2021-10-28T14:25:35","date_gmt":"2021-10-28T17:25:35","guid":{"rendered":"https:\/\/acs.org.br\/antigo\/?p=101370"},"modified":"2021-10-28T14:25:35","modified_gmt":"2021-10-28T17:25:35","slug":"infraestrutura-temporada-de-grandes-concessoes-vai-contratar-cerca-de-r-235-bilhoes-em-investimentos-privados-para-a-infraestrutura","status":"publish","type":"post","link":"https:\/\/acs.org.br\/academy\/infraestrutura-temporada-de-grandes-concessoes-vai-contratar-cerca-de-r-235-bilhoes-em-investimentos-privados-para-a-infraestrutura\/","title":{"rendered":"INFRAESTRUTURA: Temporada de grandes concess\u00f5es vai contratar cerca de R$ 23,5 bilh\u00f5es em investimentos privados para a infraestrutura"},"content":{"rendered":"<p>Fonte: Ag\u00eancia Porto<\/p>\n<p>A partir da pr\u00f3xima sexta-feira (29), o Governo Federal, por meio do Minist\u00e9rio da Infraestrutura (MInfra), d\u00e1 a largada para a Super Infra, uma nova temporada de leil\u00f5es para atrair cerca de R$ 23,5 bilh\u00f5es em investimentos privados ao setor de transportes e gerar pelo menos 400 mil empregos. At\u00e9 o fim de dezembro, ser\u00e3o 11 leil\u00f5es: dois rodovi\u00e1rios e nove arrendamentos portu\u00e1rios.<\/p>\n<p><a href=\"http:\/\/agenciaporto.com\/temporada-de-grandes-concessoes-vai-contratar-cerca-de-r-235-bilhoes-em-investimentos-privados-para-a-infraestrutura\/\">LEIA MAIS&#8230;<\/a><\/p>\n<p>&nbsp;<\/p>\n<p>&nbsp;<\/p>\n","protected":false},"excerpt":{"rendered":"<p>Fonte: Ag\u00eancia Porto A partir da pr\u00f3xima sexta-feira (29), o Governo Federal, por meio do Minist\u00e9rio da Infraestrutura (MInfra), d\u00e1 a largada para a Super Infra, uma nova temporada de leil\u00f5es para atrair cerca de R$ 23,5 bilh\u00f5es em investimentos privados ao setor de transportes e gerar pelo menos 400 mil empregos. At\u00e9 o fim [&hellip;]<\/p>\n","protected":false},"author":3,"featured_media":0,"comment_status":"open","ping_status":"open","sticky":false,"template":"","format":"standard","meta":{"footnotes":""},"categories":[105],"tags":[],"_links":{"self":[{"href":"https:\/\/acs.org.br\/academy\/wp-json\/wp\/v2\/posts\/101370"}],"collection":[{"href":"https:\/\/acs.org.br\/academy\/wp-json\/wp\/v2\/posts"}],"about":[{"href":"https:\/\/acs.org.br\/academy\/wp-json\/wp\/v2\/types\/post"}],"author":[{"embeddable":true,"href":"https:\/\/acs.org.br\/academy\/wp-json\/wp\/v2\/users\/3"}],"replies":[{"embeddable":true,"href":"https:\/\/acs.org.br\/academy\/wp-json\/wp\/v2\/comments?post=101370"}],"version-history":[{"count":1,"href":"https:\/\/acs.org.br\/academy\/wp-json\/wp\/v2\/posts\/101370\/revisions"}],"predecessor-version":[{"id":101371,"href":"https:\/\/acs.org.br\/academy\/wp-json\/wp\/v2\/posts\/101370\/revisions\/101371"}],"wp:attachment":[{"href":"https:\/\/acs.org.br\/academy\/wp-json\/wp\/v2\/media?parent=101370"}],"wp:term":[{"taxonomy":"category","embeddable":true,"href":"https:\/\/acs.org.br\/academy\/wp-json\/wp\/v2\/categories?post=101370"},{"taxonomy":"post_tag","embeddable":true,"href":"https:\/\/acs.org.br\/academy\/wp-json\/wp\/v2\/tags?post=101370"}],"curies":[{"name":"wp","href":"https:\/\/api.w.org\/{rel}","templated":true}]}}