{"id":101363,"date":"2021-10-28T14:16:29","date_gmt":"2021-10-28T17:16:29","guid":{"rendered":"https:\/\/acs.org.br\/antigo\/?p=101363"},"modified":"2021-10-28T14:16:29","modified_gmt":"2021-10-28T17:16:29","slug":"porto-porto-de-santos-conteiner-e-fertilizantes-crescem-a-2-digitos-e-demandam-expansao-de-capacidade","status":"publish","type":"post","link":"https:\/\/acs.org.br\/academy\/porto-porto-de-santos-conteiner-e-fertilizantes-crescem-a-2-digitos-e-demandam-expansao-de-capacidade\/","title":{"rendered":"PORTO: Porto de Santos: cont\u00eainer e fertilizantes crescem a 2 d\u00edgitos e demandam expans\u00e3o de capacidade"},"content":{"rendered":"<p>Fonte: Ag\u00eancia Porto<\/p>\n<p>O crescimento na movimenta\u00e7\u00e3o de cont\u00eaineres no Porto de Santos continua se mantendo a dois d\u00edgitos, acumulando at\u00e9 setembro 3,6 milh\u00f5es de TEU (unidade equivalente a um cont\u00eainer de 20 p\u00e9s), 19,6% acima do apurado nesse per\u00edodo em 2020 (3,0 milh\u00f5es de TEU) e caracterizando-se como a melhor marca j\u00e1 registrada no per\u00edodo.<\/p>\n<p><a href=\"http:\/\/agenciaporto.com\/porto-de-santos-conteiner-e-fertilizantes-crescem-a-2-digitos-e-demandam-expansao-de-capacidade\/\">LEIA MAIS&#8230;<\/a><\/p>\n<p>&nbsp;<\/p>\n","protected":false},"excerpt":{"rendered":"<p>Fonte: Ag\u00eancia Porto O crescimento na movimenta\u00e7\u00e3o de cont\u00eaineres no Porto de Santos continua se mantendo a dois d\u00edgitos, acumulando at\u00e9 setembro 3,6 milh\u00f5es de TEU (unidade equivalente a um cont\u00eainer de 20 p\u00e9s), 19,6% acima do apurado nesse per\u00edodo em 2020 (3,0 milh\u00f5es de TEU) e caracterizando-se como a melhor marca j\u00e1 registrada no [&hellip;]<\/p>\n","protected":false},"author":3,"featured_media":0,"comment_status":"open","ping_status":"open","sticky":false,"template":"","format":"standard","meta":{"footnotes":""},"categories":[105],"tags":[],"_links":{"self":[{"href":"https:\/\/acs.org.br\/academy\/wp-json\/wp\/v2\/posts\/101363"}],"collection":[{"href":"https:\/\/acs.org.br\/academy\/wp-json\/wp\/v2\/posts"}],"about":[{"href":"https:\/\/acs.org.br\/academy\/wp-json\/wp\/v2\/types\/post"}],"author":[{"embeddable":true,"href":"https:\/\/acs.org.br\/academy\/wp-json\/wp\/v2\/users\/3"}],"replies":[{"embeddable":true,"href":"https:\/\/acs.org.br\/academy\/wp-json\/wp\/v2\/comments?post=101363"}],"version-history":[{"count":1,"href":"https:\/\/acs.org.br\/academy\/wp-json\/wp\/v2\/posts\/101363\/revisions"}],"predecessor-version":[{"id":101364,"href":"https:\/\/acs.org.br\/academy\/wp-json\/wp\/v2\/posts\/101363\/revisions\/101364"}],"wp:attachment":[{"href":"https:\/\/acs.org.br\/academy\/wp-json\/wp\/v2\/media?parent=101363"}],"wp:term":[{"taxonomy":"category","embeddable":true,"href":"https:\/\/acs.org.br\/academy\/wp-json\/wp\/v2\/categories?post=101363"},{"taxonomy":"post_tag","embeddable":true,"href":"https:\/\/acs.org.br\/academy\/wp-json\/wp\/v2\/tags?post=101363"}],"curies":[{"name":"wp","href":"https:\/\/api.w.org\/{rel}","templated":true}]}}