{"id":101268,"date":"2021-10-27T11:20:57","date_gmt":"2021-10-27T14:20:57","guid":{"rendered":"https:\/\/acs.org.br\/antigo\/?p=101268"},"modified":"2021-10-27T11:26:41","modified_gmt":"2021-10-27T14:26:41","slug":"cafe-safra-de-cafe-da-africa-representa-11-do-total-produzido-no-mundo","status":"publish","type":"post","link":"https:\/\/acs.org.br\/academy\/cafe-safra-de-cafe-da-africa-representa-11-do-total-produzido-no-mundo\/","title":{"rendered":"CAF\u00c9: Safra de caf\u00e9 da \u00c1frica representa 11% do total produzido no mundo"},"content":{"rendered":"<p>Fonte: Cons\u00f3rcio Pesquisa Caf\u00e9<\/p>\n<p>A produ\u00e7\u00e3o de caf\u00e9 na \u00c1frica no ano-cafeeiro 2020-2021 foi estimada em 18,7 milh\u00f5es de sacas de 60kg, volume que manteve o n\u00edvel do per\u00edodo anterior.<\/p>\n<p><a href=\"http:\/\/www.consorciopesquisacafe.com.br\/index.php\/imprensa\/noticias\/1084-2021-10-26-19-41-13\">LEIA MAIS&#8230;<\/a><\/p>\n<p>&nbsp;<\/p>\n","protected":false},"excerpt":{"rendered":"<p>Fonte: Cons\u00f3rcio Pesquisa Caf\u00e9 A produ\u00e7\u00e3o de caf\u00e9 na \u00c1frica no ano-cafeeiro 2020-2021 foi estimada em 18,7 milh\u00f5es de sacas de 60kg, volume que manteve o n\u00edvel do per\u00edodo anterior. LEIA MAIS&#8230; &nbsp;<\/p>\n","protected":false},"author":3,"featured_media":101269,"comment_status":"open","ping_status":"open","sticky":false,"template":"","format":"standard","meta":{"footnotes":""},"categories":[105],"tags":[],"_links":{"self":[{"href":"https:\/\/acs.org.br\/academy\/wp-json\/wp\/v2\/posts\/101268"}],"collection":[{"href":"https:\/\/acs.org.br\/academy\/wp-json\/wp\/v2\/posts"}],"about":[{"href":"https:\/\/acs.org.br\/academy\/wp-json\/wp\/v2\/types\/post"}],"author":[{"embeddable":true,"href":"https:\/\/acs.org.br\/academy\/wp-json\/wp\/v2\/users\/3"}],"replies":[{"embeddable":true,"href":"https:\/\/acs.org.br\/academy\/wp-json\/wp\/v2\/comments?post=101268"}],"version-history":[{"count":2,"href":"https:\/\/acs.org.br\/academy\/wp-json\/wp\/v2\/posts\/101268\/revisions"}],"predecessor-version":[{"id":101271,"href":"https:\/\/acs.org.br\/academy\/wp-json\/wp\/v2\/posts\/101268\/revisions\/101271"}],"wp:featuredmedia":[{"embeddable":true,"href":"https:\/\/acs.org.br\/academy\/wp-json\/wp\/v2\/media\/101269"}],"wp:attachment":[{"href":"https:\/\/acs.org.br\/academy\/wp-json\/wp\/v2\/media?parent=101268"}],"wp:term":[{"taxonomy":"category","embeddable":true,"href":"https:\/\/acs.org.br\/academy\/wp-json\/wp\/v2\/categories?post=101268"},{"taxonomy":"post_tag","embeddable":true,"href":"https:\/\/acs.org.br\/academy\/wp-json\/wp\/v2\/tags?post=101268"}],"curies":[{"name":"wp","href":"https:\/\/api.w.org\/{rel}","templated":true}]}}