{"id":101266,"date":"2021-10-27T11:11:12","date_gmt":"2021-10-27T14:11:12","guid":{"rendered":"https:\/\/acs.org.br\/antigo\/?p=101266"},"modified":"2021-10-27T11:11:12","modified_gmt":"2021-10-27T14:11:12","slug":"cafe-proprietarios-de-cafeterias-falam-sobre-cafe-especial-no-brasil-em-23o-episodio-da-webserie-da-bsca","status":"publish","type":"post","link":"https:\/\/acs.org.br\/academy\/cafe-proprietarios-de-cafeterias-falam-sobre-cafe-especial-no-brasil-em-23o-episodio-da-webserie-da-bsca\/","title":{"rendered":"CAF\u00c9:\u00a0Propriet\u00e1rios de cafeterias falam sobre caf\u00e9 especial no Brasil em 23\u00ba epis\u00f3dio da webs\u00e9rie da BSCA"},"content":{"rendered":"<p>Fonte: Caf\u00e9 Point<\/p>\n<p>Na quarta-feira (27) acontece o lan\u00e7amento do 23\u00ba epis\u00f3dio da webs\u00e9rie \u201cA Hist\u00f3ria do Caf\u00e9 Especial \u2013 O olhar da BSCA em 30 anos\u201d, realizada pela Associa\u00e7\u00e3o Brasileira de Caf\u00e9s Especiais (BSCA) em parceria com a Caf\u00e9 Editora.<\/p>\n<p><a href=\"https:\/\/www.cafepoint.com.br\/noticias\/giro-de-noticias\/proprietarios-de-cafeterias-falam-sobre-cafe-especial-no-brasil-em-23-episodio-da-webserie-da-bsca-227812\/\">LEIA MAIS&#8230;<\/a><\/p>\n<p>&nbsp;<\/p>\n","protected":false},"excerpt":{"rendered":"<p>Fonte: Caf\u00e9 Point Na quarta-feira (27) acontece o lan\u00e7amento do 23\u00ba epis\u00f3dio da webs\u00e9rie \u201cA Hist\u00f3ria do Caf\u00e9 Especial \u2013 O olhar da BSCA em 30 anos\u201d, realizada pela Associa\u00e7\u00e3o Brasileira de Caf\u00e9s Especiais (BSCA) em parceria com a Caf\u00e9 Editora. LEIA MAIS&#8230; &nbsp;<\/p>\n","protected":false},"author":3,"featured_media":0,"comment_status":"open","ping_status":"open","sticky":false,"template":"","format":"standard","meta":{"footnotes":""},"categories":[105],"tags":[],"_links":{"self":[{"href":"https:\/\/acs.org.br\/academy\/wp-json\/wp\/v2\/posts\/101266"}],"collection":[{"href":"https:\/\/acs.org.br\/academy\/wp-json\/wp\/v2\/posts"}],"about":[{"href":"https:\/\/acs.org.br\/academy\/wp-json\/wp\/v2\/types\/post"}],"author":[{"embeddable":true,"href":"https:\/\/acs.org.br\/academy\/wp-json\/wp\/v2\/users\/3"}],"replies":[{"embeddable":true,"href":"https:\/\/acs.org.br\/academy\/wp-json\/wp\/v2\/comments?post=101266"}],"version-history":[{"count":1,"href":"https:\/\/acs.org.br\/academy\/wp-json\/wp\/v2\/posts\/101266\/revisions"}],"predecessor-version":[{"id":101267,"href":"https:\/\/acs.org.br\/academy\/wp-json\/wp\/v2\/posts\/101266\/revisions\/101267"}],"wp:attachment":[{"href":"https:\/\/acs.org.br\/academy\/wp-json\/wp\/v2\/media?parent=101266"}],"wp:term":[{"taxonomy":"category","embeddable":true,"href":"https:\/\/acs.org.br\/academy\/wp-json\/wp\/v2\/categories?post=101266"},{"taxonomy":"post_tag","embeddable":true,"href":"https:\/\/acs.org.br\/academy\/wp-json\/wp\/v2\/tags?post=101266"}],"curies":[{"name":"wp","href":"https:\/\/api.w.org\/{rel}","templated":true}]}}