{"id":101259,"date":"2021-10-27T11:06:34","date_gmt":"2021-10-27T14:06:34","guid":{"rendered":"https:\/\/acs.org.br\/antigo\/?p=101259"},"modified":"2021-10-27T11:06:34","modified_gmt":"2021-10-27T14:06:34","slug":"atualidades-santos-investira-verba-bloqueada-para-combate-a-covid-em-infraestrutura","status":"publish","type":"post","link":"https:\/\/acs.org.br\/academy\/atualidades-santos-investira-verba-bloqueada-para-combate-a-covid-em-infraestrutura\/","title":{"rendered":"ATUALIDADES: Santos investir\u00e1 verba bloqueada para combate \u00e0 covid em infraestrutura"},"content":{"rendered":"<p>Fonte: Santa Portal<\/p>\n<p>A Prefeitura de Santos ir\u00e1 receber uma verba de R$ 1,94 milh\u00e3o do Fundo Metropolitano de Desenvolvimento. O dinheiro deve ser aplicado na infraestrutura, mobilidade, ilumina\u00e7\u00e3o p\u00fablica, entre outros setores.<\/p>\n<p><a href=\"https:\/\/santaportal.com.br\/baixada\/santos-investira-verba-bloqueada-combate-covid-infraestrutura\/\">LEIA MAIS<\/a><\/p>\n","protected":false},"excerpt":{"rendered":"<p>Fonte: Santa Portal A Prefeitura de Santos ir\u00e1 receber uma verba de R$ 1,94 milh\u00e3o do Fundo Metropolitano de Desenvolvimento. O dinheiro deve ser aplicado na infraestrutura, mobilidade, ilumina\u00e7\u00e3o p\u00fablica, entre outros setores. LEIA MAIS<\/p>\n","protected":false},"author":3,"featured_media":101260,"comment_status":"open","ping_status":"open","sticky":false,"template":"","format":"standard","meta":{"footnotes":""},"categories":[105],"tags":[],"_links":{"self":[{"href":"https:\/\/acs.org.br\/academy\/wp-json\/wp\/v2\/posts\/101259"}],"collection":[{"href":"https:\/\/acs.org.br\/academy\/wp-json\/wp\/v2\/posts"}],"about":[{"href":"https:\/\/acs.org.br\/academy\/wp-json\/wp\/v2\/types\/post"}],"author":[{"embeddable":true,"href":"https:\/\/acs.org.br\/academy\/wp-json\/wp\/v2\/users\/3"}],"replies":[{"embeddable":true,"href":"https:\/\/acs.org.br\/academy\/wp-json\/wp\/v2\/comments?post=101259"}],"version-history":[{"count":1,"href":"https:\/\/acs.org.br\/academy\/wp-json\/wp\/v2\/posts\/101259\/revisions"}],"predecessor-version":[{"id":101261,"href":"https:\/\/acs.org.br\/academy\/wp-json\/wp\/v2\/posts\/101259\/revisions\/101261"}],"wp:featuredmedia":[{"embeddable":true,"href":"https:\/\/acs.org.br\/academy\/wp-json\/wp\/v2\/media\/101260"}],"wp:attachment":[{"href":"https:\/\/acs.org.br\/academy\/wp-json\/wp\/v2\/media?parent=101259"}],"wp:term":[{"taxonomy":"category","embeddable":true,"href":"https:\/\/acs.org.br\/academy\/wp-json\/wp\/v2\/categories?post=101259"},{"taxonomy":"post_tag","embeddable":true,"href":"https:\/\/acs.org.br\/academy\/wp-json\/wp\/v2\/tags?post=101259"}],"curies":[{"name":"wp","href":"https:\/\/api.w.org\/{rel}","templated":true}]}}