{"id":101254,"date":"2021-10-27T11:01:22","date_gmt":"2021-10-27T14:01:22","guid":{"rendered":"https:\/\/acs.org.br\/antigo\/?p=101254"},"modified":"2021-10-27T11:01:22","modified_gmt":"2021-10-27T14:01:22","slug":"economia-desemprego-cai-a-132-no-trimestre-ate-agosto-grupo-sem-carteira-sobe-23-no-ano","status":"publish","type":"post","link":"https:\/\/acs.org.br\/academy\/economia-desemprego-cai-a-132-no-trimestre-ate-agosto-grupo-sem-carteira-sobe-23-no-ano\/","title":{"rendered":"ECONOMIA: Desemprego cai a 13,2% no trimestre at\u00e9 agosto; grupo sem carteira sobe 23% no ano"},"content":{"rendered":"<p>Fonte: CNN Brasil<\/p>\n<p>A taxa de desemprego no Brasil foi de 13,2% no trimestre encerrado em agosto, segundo dados da Pesquisa Nacional por Amostra de Domic\u00edlios (Pnad) Cont\u00ednua, divulgada nesta quarta-feira (27) pelo Instituto Brasileiro de Geografia e Estat\u00edstica (IBGE).<\/p>\n<p><a href=\"https:\/\/www.cnnbrasil.com.br\/business\/desemprego-cai-para-132-no-trimestre-ate-agosto-diz-ibge\/\">LEIA MAIS&#8230;<\/a><\/p>\n","protected":false},"excerpt":{"rendered":"<p>Fonte: CNN Brasil A taxa de desemprego no Brasil foi de 13,2% no trimestre encerrado em agosto, segundo dados da Pesquisa Nacional por Amostra de Domic\u00edlios (Pnad) Cont\u00ednua, divulgada nesta quarta-feira (27) pelo Instituto Brasileiro de Geografia e Estat\u00edstica (IBGE). LEIA MAIS&#8230;<\/p>\n","protected":false},"author":3,"featured_media":0,"comment_status":"open","ping_status":"open","sticky":false,"template":"","format":"standard","meta":{"footnotes":""},"categories":[105],"tags":[],"_links":{"self":[{"href":"https:\/\/acs.org.br\/academy\/wp-json\/wp\/v2\/posts\/101254"}],"collection":[{"href":"https:\/\/acs.org.br\/academy\/wp-json\/wp\/v2\/posts"}],"about":[{"href":"https:\/\/acs.org.br\/academy\/wp-json\/wp\/v2\/types\/post"}],"author":[{"embeddable":true,"href":"https:\/\/acs.org.br\/academy\/wp-json\/wp\/v2\/users\/3"}],"replies":[{"embeddable":true,"href":"https:\/\/acs.org.br\/academy\/wp-json\/wp\/v2\/comments?post=101254"}],"version-history":[{"count":1,"href":"https:\/\/acs.org.br\/academy\/wp-json\/wp\/v2\/posts\/101254\/revisions"}],"predecessor-version":[{"id":101255,"href":"https:\/\/acs.org.br\/academy\/wp-json\/wp\/v2\/posts\/101254\/revisions\/101255"}],"wp:attachment":[{"href":"https:\/\/acs.org.br\/academy\/wp-json\/wp\/v2\/media?parent=101254"}],"wp:term":[{"taxonomy":"category","embeddable":true,"href":"https:\/\/acs.org.br\/academy\/wp-json\/wp\/v2\/categories?post=101254"},{"taxonomy":"post_tag","embeddable":true,"href":"https:\/\/acs.org.br\/academy\/wp-json\/wp\/v2\/tags?post=101254"}],"curies":[{"name":"wp","href":"https:\/\/api.w.org\/{rel}","templated":true}]}}