{"id":101241,"date":"2021-10-27T10:44:23","date_gmt":"2021-10-27T13:44:23","guid":{"rendered":"https:\/\/acs.org.br\/antigo\/?p=101241"},"modified":"2021-10-27T10:44:23","modified_gmt":"2021-10-27T13:44:23","slug":"porto-camara-quer-porto-industria-em-santos","status":"publish","type":"post","link":"https:\/\/acs.org.br\/academy\/porto-camara-quer-porto-industria-em-santos\/","title":{"rendered":"PORTO: C\u00e2mara quer porto-ind\u00fastria em Santos"},"content":{"rendered":"<p>Fonte: A Tribuna<\/p>\n<p>Com a previs\u00e3o de que as discuss\u00f5es sobre a atualiza\u00e7\u00e3o da Lei de Uso e Ocupa\u00e7\u00e3o do Solo sejam realizadas ainda este ano, a C\u00e2mara de Santos debateu, ontem, a implanta\u00e7\u00e3o do projeto Porto-Ind\u00fastria na \u00c1rea Continental de Santos.<\/p>\n<p><a href=\"https:\/\/acs.org.br\/antigo\/wp-content\/uploads\/2021\/10\/CAMAR-27-topo-copia.pdf\">LEIA MAIS&#8230;<\/a><\/p>\n","protected":false},"excerpt":{"rendered":"<p>Fonte: A Tribuna Com a previs\u00e3o de que as discuss\u00f5es sobre a atualiza\u00e7\u00e3o da Lei de Uso e Ocupa\u00e7\u00e3o do Solo sejam realizadas ainda este ano, a C\u00e2mara de Santos debateu, ontem, a implanta\u00e7\u00e3o do projeto Porto-Ind\u00fastria na \u00c1rea Continental de Santos. LEIA MAIS&#8230;<\/p>\n","protected":false},"author":3,"featured_media":101243,"comment_status":"open","ping_status":"open","sticky":false,"template":"","format":"standard","meta":{"footnotes":""},"categories":[105],"tags":[],"_links":{"self":[{"href":"https:\/\/acs.org.br\/academy\/wp-json\/wp\/v2\/posts\/101241"}],"collection":[{"href":"https:\/\/acs.org.br\/academy\/wp-json\/wp\/v2\/posts"}],"about":[{"href":"https:\/\/acs.org.br\/academy\/wp-json\/wp\/v2\/types\/post"}],"author":[{"embeddable":true,"href":"https:\/\/acs.org.br\/academy\/wp-json\/wp\/v2\/users\/3"}],"replies":[{"embeddable":true,"href":"https:\/\/acs.org.br\/academy\/wp-json\/wp\/v2\/comments?post=101241"}],"version-history":[{"count":1,"href":"https:\/\/acs.org.br\/academy\/wp-json\/wp\/v2\/posts\/101241\/revisions"}],"predecessor-version":[{"id":101244,"href":"https:\/\/acs.org.br\/academy\/wp-json\/wp\/v2\/posts\/101241\/revisions\/101244"}],"wp:featuredmedia":[{"embeddable":true,"href":"https:\/\/acs.org.br\/academy\/wp-json\/wp\/v2\/media\/101243"}],"wp:attachment":[{"href":"https:\/\/acs.org.br\/academy\/wp-json\/wp\/v2\/media?parent=101241"}],"wp:term":[{"taxonomy":"category","embeddable":true,"href":"https:\/\/acs.org.br\/academy\/wp-json\/wp\/v2\/categories?post=101241"},{"taxonomy":"post_tag","embeddable":true,"href":"https:\/\/acs.org.br\/academy\/wp-json\/wp\/v2\/tags?post=101241"}],"curies":[{"name":"wp","href":"https:\/\/api.w.org\/{rel}","templated":true}]}}