{"id":101232,"date":"2021-10-26T17:36:29","date_gmt":"2021-10-26T20:36:29","guid":{"rendered":"https:\/\/acs.org.br\/antigo\/?p=101232"},"modified":"2021-10-26T17:36:29","modified_gmt":"2021-10-26T20:36:29","slug":"cafe-semana-internacional-do-cafe-2021-confira-os-conteudos-do-espaco-dna-cafe","status":"publish","type":"post","link":"https:\/\/acs.org.br\/academy\/cafe-semana-internacional-do-cafe-2021-confira-os-conteudos-do-espaco-dna-cafe\/","title":{"rendered":"CAF\u00c9: Semana Internacional do Caf\u00e9 2021: Confira os conte\u00fados do espa\u00e7o DNA Caf\u00e9"},"content":{"rendered":"<p>Fonte: Caf\u00e9 Point<\/p>\n<p>Preparados para a SIC? Este ano, o maior encontro brasileiro do setor acontece entre os dias 10 e 12 de novembro em formato h\u00edbrido: presencialmente no Expominas, em Belo Horizonte (MG), e na plataforma on-line.<\/p>\n<p><a href=\"https:\/\/www.cafepoint.com.br\/noticias\/agenda-do-produtor\/semana-internacional-do-cafe-2021-confira-os-conteudos-do-espaco-dna-cafe-227801\/\">LEIA MAIS&#8230;<\/a><\/p>\n<p>&nbsp;<\/p>\n","protected":false},"excerpt":{"rendered":"<p>Fonte: Caf\u00e9 Point Preparados para a SIC? Este ano, o maior encontro brasileiro do setor acontece entre os dias 10 e 12 de novembro em formato h\u00edbrido: presencialmente no Expominas, em Belo Horizonte (MG), e na plataforma on-line. LEIA MAIS&#8230; &nbsp;<\/p>\n","protected":false},"author":3,"featured_media":0,"comment_status":"open","ping_status":"open","sticky":false,"template":"","format":"standard","meta":{"footnotes":""},"categories":[105],"tags":[],"_links":{"self":[{"href":"https:\/\/acs.org.br\/academy\/wp-json\/wp\/v2\/posts\/101232"}],"collection":[{"href":"https:\/\/acs.org.br\/academy\/wp-json\/wp\/v2\/posts"}],"about":[{"href":"https:\/\/acs.org.br\/academy\/wp-json\/wp\/v2\/types\/post"}],"author":[{"embeddable":true,"href":"https:\/\/acs.org.br\/academy\/wp-json\/wp\/v2\/users\/3"}],"replies":[{"embeddable":true,"href":"https:\/\/acs.org.br\/academy\/wp-json\/wp\/v2\/comments?post=101232"}],"version-history":[{"count":1,"href":"https:\/\/acs.org.br\/academy\/wp-json\/wp\/v2\/posts\/101232\/revisions"}],"predecessor-version":[{"id":101233,"href":"https:\/\/acs.org.br\/academy\/wp-json\/wp\/v2\/posts\/101232\/revisions\/101233"}],"wp:attachment":[{"href":"https:\/\/acs.org.br\/academy\/wp-json\/wp\/v2\/media?parent=101232"}],"wp:term":[{"taxonomy":"category","embeddable":true,"href":"https:\/\/acs.org.br\/academy\/wp-json\/wp\/v2\/categories?post=101232"},{"taxonomy":"post_tag","embeddable":true,"href":"https:\/\/acs.org.br\/academy\/wp-json\/wp\/v2\/tags?post=101232"}],"curies":[{"name":"wp","href":"https:\/\/api.w.org\/{rel}","templated":true}]}}