{"id":101229,"date":"2021-10-26T17:16:07","date_gmt":"2021-10-26T20:16:07","guid":{"rendered":"https:\/\/acs.org.br\/antigo\/?p=101229"},"modified":"2021-10-26T17:26:34","modified_gmt":"2021-10-26T20:26:34","slug":"porto-desestatizacao-dos-portos-organizados-sera-tema-do-8o-encontro-da-atp","status":"publish","type":"post","link":"https:\/\/acs.org.br\/academy\/porto-desestatizacao-dos-portos-organizados-sera-tema-do-8o-encontro-da-atp\/","title":{"rendered":"PORTO: Desestatiza\u00e7\u00e3o dos portos organizados ser\u00e1 tema do 8\u00ba Encontro da ATP"},"content":{"rendered":"<p>Fonte: Informativo dos Portos<\/p>\n<p>A ATP (Associa\u00e7\u00e3o de Terminais Portu\u00e1rios Privados) promove, na pr\u00f3xima quarta-feira, dia 27 de outubro, o 8\u00ba Encontro ATP com o tema \u201cDesestatiza\u00e7\u00e3o dos Portos Organizados: Uma Vis\u00e3o do Setor Privado\u201d. O ex-secret\u00e1rio de Desestatiza\u00e7\u00e3o do Governo Federal, Salim Mattar tem presen\u00e7a confirmada e far\u00e1 a palestra magna do encontro. Devido \u00e0 evolu\u00e7\u00e3o do quadro da pandemia com o avan\u00e7o da vacina\u00e7\u00e3o, a oitava edi\u00e7\u00e3o do evento acontece de forma h\u00edbrida, em formato presencial e online, com transmiss\u00e3o ao vivo pela internet.<\/p>\n<p><a href=\"https:\/\/www.informativodosportos.com.br\/desestatizacao-dos-portos-organizados-sera-tema-do-8o-encontro-da-atp\/\">LEIA MAIS&#8230;<\/a><\/p>\n","protected":false},"excerpt":{"rendered":"<p>Fonte: Informativo dos Portos A ATP (Associa\u00e7\u00e3o de Terminais Portu\u00e1rios Privados) promove, na pr\u00f3xima quarta-feira, dia 27 de outubro, o 8\u00ba Encontro ATP com o tema \u201cDesestatiza\u00e7\u00e3o dos Portos Organizados: Uma Vis\u00e3o do Setor Privado\u201d. O ex-secret\u00e1rio de Desestatiza\u00e7\u00e3o do Governo Federal, Salim Mattar tem presen\u00e7a confirmada e far\u00e1 a palestra magna do encontro. Devido [&hellip;]<\/p>\n","protected":false},"author":3,"featured_media":101230,"comment_status":"open","ping_status":"open","sticky":false,"template":"","format":"standard","meta":{"footnotes":""},"categories":[105],"tags":[],"_links":{"self":[{"href":"https:\/\/acs.org.br\/academy\/wp-json\/wp\/v2\/posts\/101229"}],"collection":[{"href":"https:\/\/acs.org.br\/academy\/wp-json\/wp\/v2\/posts"}],"about":[{"href":"https:\/\/acs.org.br\/academy\/wp-json\/wp\/v2\/types\/post"}],"author":[{"embeddable":true,"href":"https:\/\/acs.org.br\/academy\/wp-json\/wp\/v2\/users\/3"}],"replies":[{"embeddable":true,"href":"https:\/\/acs.org.br\/academy\/wp-json\/wp\/v2\/comments?post=101229"}],"version-history":[{"count":1,"href":"https:\/\/acs.org.br\/academy\/wp-json\/wp\/v2\/posts\/101229\/revisions"}],"predecessor-version":[{"id":101231,"href":"https:\/\/acs.org.br\/academy\/wp-json\/wp\/v2\/posts\/101229\/revisions\/101231"}],"wp:featuredmedia":[{"embeddable":true,"href":"https:\/\/acs.org.br\/academy\/wp-json\/wp\/v2\/media\/101230"}],"wp:attachment":[{"href":"https:\/\/acs.org.br\/academy\/wp-json\/wp\/v2\/media?parent=101229"}],"wp:term":[{"taxonomy":"category","embeddable":true,"href":"https:\/\/acs.org.br\/academy\/wp-json\/wp\/v2\/categories?post=101229"},{"taxonomy":"post_tag","embeddable":true,"href":"https:\/\/acs.org.br\/academy\/wp-json\/wp\/v2\/tags?post=101229"}],"curies":[{"name":"wp","href":"https:\/\/api.w.org\/{rel}","templated":true}]}}