{"id":101226,"date":"2021-10-26T17:10:07","date_gmt":"2021-10-26T20:10:07","guid":{"rendered":"https:\/\/acs.org.br\/antigo\/?p=101226"},"modified":"2021-10-26T17:10:07","modified_gmt":"2021-10-26T20:10:07","slug":"comercio-exterior-importadores-podem-se-inscrever-em-programa-da-food-africa","status":"publish","type":"post","link":"https:\/\/acs.org.br\/academy\/comercio-exterior-importadores-podem-se-inscrever-em-programa-da-food-africa\/","title":{"rendered":"COM\u00c9RCIO EXTERIOR: Importadores podem se inscrever em programa da Food Africa"},"content":{"rendered":"<p>Fonte: Informativo dos Portos<\/p>\n<p>Empresas brasileiras que querem participar como importadoras da Food Africa, feira de alimentos que ocorre no Cairo de 12 a 14 de dezembro, devem se inscrever na C\u00e2mara de Com\u00e9rcio \u00c1rabe Brasileira at\u00e9 o dia 31 de outubro. A institui\u00e7\u00e3o est\u00e1 convocando interessados em apoio ao Escrit\u00f3rio Econ\u00f4mico e Comercial da Embaixada do Egito em S\u00e3o Paulo.<\/p>\n<p><a href=\"https:\/\/www.informativodosportos.com.br\/importadores-podem-se-inscrever-em-programa-da-food-africa\/\">LEIA MAIS&#8230;<\/a><\/p>\n","protected":false},"excerpt":{"rendered":"<p>Fonte: Informativo dos Portos Empresas brasileiras que querem participar como importadoras da Food Africa, feira de alimentos que ocorre no Cairo de 12 a 14 de dezembro, devem se inscrever na C\u00e2mara de Com\u00e9rcio \u00c1rabe Brasileira at\u00e9 o dia 31 de outubro. A institui\u00e7\u00e3o est\u00e1 convocando interessados em apoio ao Escrit\u00f3rio Econ\u00f4mico e Comercial da [&hellip;]<\/p>\n","protected":false},"author":3,"featured_media":101227,"comment_status":"open","ping_status":"open","sticky":false,"template":"","format":"standard","meta":{"footnotes":""},"categories":[105],"tags":[],"_links":{"self":[{"href":"https:\/\/acs.org.br\/academy\/wp-json\/wp\/v2\/posts\/101226"}],"collection":[{"href":"https:\/\/acs.org.br\/academy\/wp-json\/wp\/v2\/posts"}],"about":[{"href":"https:\/\/acs.org.br\/academy\/wp-json\/wp\/v2\/types\/post"}],"author":[{"embeddable":true,"href":"https:\/\/acs.org.br\/academy\/wp-json\/wp\/v2\/users\/3"}],"replies":[{"embeddable":true,"href":"https:\/\/acs.org.br\/academy\/wp-json\/wp\/v2\/comments?post=101226"}],"version-history":[{"count":1,"href":"https:\/\/acs.org.br\/academy\/wp-json\/wp\/v2\/posts\/101226\/revisions"}],"predecessor-version":[{"id":101228,"href":"https:\/\/acs.org.br\/academy\/wp-json\/wp\/v2\/posts\/101226\/revisions\/101228"}],"wp:featuredmedia":[{"embeddable":true,"href":"https:\/\/acs.org.br\/academy\/wp-json\/wp\/v2\/media\/101227"}],"wp:attachment":[{"href":"https:\/\/acs.org.br\/academy\/wp-json\/wp\/v2\/media?parent=101226"}],"wp:term":[{"taxonomy":"category","embeddable":true,"href":"https:\/\/acs.org.br\/academy\/wp-json\/wp\/v2\/categories?post=101226"},{"taxonomy":"post_tag","embeddable":true,"href":"https:\/\/acs.org.br\/academy\/wp-json\/wp\/v2\/tags?post=101226"}],"curies":[{"name":"wp","href":"https:\/\/api.w.org\/{rel}","templated":true}]}}