{"id":101203,"date":"2021-10-26T15:44:56","date_gmt":"2021-10-26T18:44:56","guid":{"rendered":"https:\/\/acs.org.br\/antigo\/?p=101203"},"modified":"2021-10-26T15:47:19","modified_gmt":"2021-10-26T18:47:19","slug":"atualidades-150-anos-da-associacao-comercial-de-santos","status":"publish","type":"post","link":"https:\/\/acs.org.br\/academy\/atualidades-150-anos-da-associacao-comercial-de-santos\/","title":{"rendered":"ATUALIDADES: 150 anos da Associa\u00e7\u00e3o Comercial de Santos"},"content":{"rendered":"<p>Fonte: A Tribuna \/ Marcio Barbuy<\/p>\n<p>Ser\u00e3o devidamente comemorados, a partir de amanh\u00e3, na C\u00e2mara Municipal\u00a0 de Santos, com uma justa homenagem, em propositura de Adilson dos Santos Junior.<\/p>\n<p><a href=\"https:\/\/acs.org.br\/antigo\/wp-content\/uploads\/2021\/10\/ACS-BARBUY-26.pdf\">LEIA MAIS&#8230;<\/a><\/p>\n","protected":false},"excerpt":{"rendered":"<p>Fonte: A Tribuna \/ Marcio Barbuy Ser\u00e3o devidamente comemorados, a partir de amanh\u00e3, na C\u00e2mara Municipal\u00a0 de Santos, com uma justa homenagem, em propositura de Adilson dos Santos Junior. LEIA MAIS&#8230;<\/p>\n","protected":false},"author":3,"featured_media":0,"comment_status":"open","ping_status":"open","sticky":false,"template":"","format":"standard","meta":{"footnotes":""},"categories":[105],"tags":[],"_links":{"self":[{"href":"https:\/\/acs.org.br\/academy\/wp-json\/wp\/v2\/posts\/101203"}],"collection":[{"href":"https:\/\/acs.org.br\/academy\/wp-json\/wp\/v2\/posts"}],"about":[{"href":"https:\/\/acs.org.br\/academy\/wp-json\/wp\/v2\/types\/post"}],"author":[{"embeddable":true,"href":"https:\/\/acs.org.br\/academy\/wp-json\/wp\/v2\/users\/3"}],"replies":[{"embeddable":true,"href":"https:\/\/acs.org.br\/academy\/wp-json\/wp\/v2\/comments?post=101203"}],"version-history":[{"count":2,"href":"https:\/\/acs.org.br\/academy\/wp-json\/wp\/v2\/posts\/101203\/revisions"}],"predecessor-version":[{"id":101207,"href":"https:\/\/acs.org.br\/academy\/wp-json\/wp\/v2\/posts\/101203\/revisions\/101207"}],"wp:attachment":[{"href":"https:\/\/acs.org.br\/academy\/wp-json\/wp\/v2\/media?parent=101203"}],"wp:term":[{"taxonomy":"category","embeddable":true,"href":"https:\/\/acs.org.br\/academy\/wp-json\/wp\/v2\/categories?post=101203"},{"taxonomy":"post_tag","embeddable":true,"href":"https:\/\/acs.org.br\/academy\/wp-json\/wp\/v2\/tags?post=101203"}],"curies":[{"name":"wp","href":"https:\/\/api.w.org\/{rel}","templated":true}]}}