{"id":101198,"date":"2021-10-26T13:54:50","date_gmt":"2021-10-26T16:54:50","guid":{"rendered":"https:\/\/acs.org.br\/antigo\/?p=101198"},"modified":"2021-10-26T13:57:32","modified_gmt":"2021-10-26T16:57:32","slug":"atualidades-dengue-e-chikungunya-desaparecem","status":"publish","type":"post","link":"https:\/\/acs.org.br\/academy\/atualidades-dengue-e-chikungunya-desaparecem\/","title":{"rendered":"ATUALIDADES: Dengue e Chikungunya desaparecem"},"content":{"rendered":"<p>Fonte: A Tribuna<\/p>\n<p>Os casos de dengue na Baixada Santista despencaram 99,54% entre mar\u00e7o deste ano, quando a doen\u00e7a atingiu seu pico, com 3.992 registros, e este m\u00eas com, com 18 doentes at\u00e9 ent\u00e3o.<\/p>\n<p><a href=\"https:\/\/acs.org.br\/antigo\/wp-content\/uploads\/2021\/10\/DENGUE-26-copia.pdf\">LEIA MAIS&#8230;<\/a><\/p>\n","protected":false},"excerpt":{"rendered":"<p>Fonte: A Tribuna Os casos de dengue na Baixada Santista despencaram 99,54% entre mar\u00e7o deste ano, quando a doen\u00e7a atingiu seu pico, com 3.992 registros, e este m\u00eas com, com 18 doentes at\u00e9 ent\u00e3o. LEIA MAIS&#8230;<\/p>\n","protected":false},"author":3,"featured_media":0,"comment_status":"open","ping_status":"open","sticky":false,"template":"","format":"standard","meta":{"footnotes":""},"categories":[105],"tags":[],"_links":{"self":[{"href":"https:\/\/acs.org.br\/academy\/wp-json\/wp\/v2\/posts\/101198"}],"collection":[{"href":"https:\/\/acs.org.br\/academy\/wp-json\/wp\/v2\/posts"}],"about":[{"href":"https:\/\/acs.org.br\/academy\/wp-json\/wp\/v2\/types\/post"}],"author":[{"embeddable":true,"href":"https:\/\/acs.org.br\/academy\/wp-json\/wp\/v2\/users\/3"}],"replies":[{"embeddable":true,"href":"https:\/\/acs.org.br\/academy\/wp-json\/wp\/v2\/comments?post=101198"}],"version-history":[{"count":3,"href":"https:\/\/acs.org.br\/academy\/wp-json\/wp\/v2\/posts\/101198\/revisions"}],"predecessor-version":[{"id":101202,"href":"https:\/\/acs.org.br\/academy\/wp-json\/wp\/v2\/posts\/101198\/revisions\/101202"}],"wp:attachment":[{"href":"https:\/\/acs.org.br\/academy\/wp-json\/wp\/v2\/media?parent=101198"}],"wp:term":[{"taxonomy":"category","embeddable":true,"href":"https:\/\/acs.org.br\/academy\/wp-json\/wp\/v2\/categories?post=101198"},{"taxonomy":"post_tag","embeddable":true,"href":"https:\/\/acs.org.br\/academy\/wp-json\/wp\/v2\/tags?post=101198"}],"curies":[{"name":"wp","href":"https:\/\/api.w.org\/{rel}","templated":true}]}}