{"id":101195,"date":"2021-10-26T13:53:29","date_gmt":"2021-10-26T16:53:29","guid":{"rendered":"https:\/\/acs.org.br\/antigo\/?p=101195"},"modified":"2021-10-26T13:53:29","modified_gmt":"2021-10-26T16:53:29","slug":"porto-mercado-de-trabalho-reaquecido","status":"publish","type":"post","link":"https:\/\/acs.org.br\/academy\/porto-mercado-de-trabalho-reaquecido\/","title":{"rendered":"PORTO: Mercado de trabalho reaquecido"},"content":{"rendered":"<p>Fonte: A Tribuna<\/p>\n<p>O momento de retomada econ\u00f4mica no Brasil, no cen\u00e1rio p\u00f3s-pandemia de covid-16, \u00e9 uma grande oportunidade para a recoloca\u00e7\u00e3o profissional ou at\u00e9 mesmo para uma mudan\u00e7a de carreira.<\/p>\n<p><a href=\"https:\/\/acs.org.br\/antigo\/wp-content\/uploads\/2021\/10\/PORTO-16-copia.pdf\">LEIA MAIS&#8230;<\/a><\/p>\n","protected":false},"excerpt":{"rendered":"<p>Fonte: A Tribuna O momento de retomada econ\u00f4mica no Brasil, no cen\u00e1rio p\u00f3s-pandemia de covid-16, \u00e9 uma grande oportunidade para a recoloca\u00e7\u00e3o profissional ou at\u00e9 mesmo para uma mudan\u00e7a de carreira. LEIA MAIS&#8230;<\/p>\n","protected":false},"author":3,"featured_media":0,"comment_status":"open","ping_status":"open","sticky":false,"template":"","format":"standard","meta":{"footnotes":""},"categories":[105],"tags":[],"_links":{"self":[{"href":"https:\/\/acs.org.br\/academy\/wp-json\/wp\/v2\/posts\/101195"}],"collection":[{"href":"https:\/\/acs.org.br\/academy\/wp-json\/wp\/v2\/posts"}],"about":[{"href":"https:\/\/acs.org.br\/academy\/wp-json\/wp\/v2\/types\/post"}],"author":[{"embeddable":true,"href":"https:\/\/acs.org.br\/academy\/wp-json\/wp\/v2\/users\/3"}],"replies":[{"embeddable":true,"href":"https:\/\/acs.org.br\/academy\/wp-json\/wp\/v2\/comments?post=101195"}],"version-history":[{"count":1,"href":"https:\/\/acs.org.br\/academy\/wp-json\/wp\/v2\/posts\/101195\/revisions"}],"predecessor-version":[{"id":101197,"href":"https:\/\/acs.org.br\/academy\/wp-json\/wp\/v2\/posts\/101195\/revisions\/101197"}],"wp:attachment":[{"href":"https:\/\/acs.org.br\/academy\/wp-json\/wp\/v2\/media?parent=101195"}],"wp:term":[{"taxonomy":"category","embeddable":true,"href":"https:\/\/acs.org.br\/academy\/wp-json\/wp\/v2\/categories?post=101195"},{"taxonomy":"post_tag","embeddable":true,"href":"https:\/\/acs.org.br\/academy\/wp-json\/wp\/v2\/tags?post=101195"}],"curies":[{"name":"wp","href":"https:\/\/api.w.org\/{rel}","templated":true}]}}