{"id":101193,"date":"2021-10-25T13:20:07","date_gmt":"2021-10-25T16:20:07","guid":{"rendered":"https:\/\/acs.org.br\/antigo\/?p=101193"},"modified":"2021-10-25T13:20:07","modified_gmt":"2021-10-25T16:20:07","slug":"cafe-produtor-das-matas-de-minas-cria-maquinario-que-mexe-24-horas-por-dia-o-cafe-no-terreiro","status":"publish","type":"post","link":"https:\/\/acs.org.br\/academy\/cafe-produtor-das-matas-de-minas-cria-maquinario-que-mexe-24-horas-por-dia-o-cafe-no-terreiro\/","title":{"rendered":"CAF\u00c9: Produtor das Matas de Minas cria maquin\u00e1rio que mexe 24 horas por dia o caf\u00e9 no terreiro"},"content":{"rendered":"<p>Fonte: Caf\u00e9 Point<\/p>\n<p>O produtor de caf\u00e9s especiais Anderson da Silva, do munic\u00edpio de Divino, nas Matas de Minas, conta que nem sempre tinha tempo de mexer o caf\u00e9 no terreiro para a secagem correta e, com isso, alguns gr\u00e3os mofavam. Para corrigir este problema, teve a ideia de inventar uma m\u00e1quina que pudesse fazer este trabalho enquanto ele cuidava de outras atividades no s\u00edtio \u00c1rvore Bonita.<\/p>\n<p><a href=\"https:\/\/www.cafepoint.com.br\/noticias\/tecnicas-de-producao\/produtor-das-matas-de-minas-cria-maquinario-que-mexe-24-horas-por-dia-o-cafe-no-terreiro-227769\/\">LEIA MAIS&#8230;<\/a><\/p>\n<p>&nbsp;<\/p>\n","protected":false},"excerpt":{"rendered":"<p>Fonte: Caf\u00e9 Point O produtor de caf\u00e9s especiais Anderson da Silva, do munic\u00edpio de Divino, nas Matas de Minas, conta que nem sempre tinha tempo de mexer o caf\u00e9 no terreiro para a secagem correta e, com isso, alguns gr\u00e3os mofavam. Para corrigir este problema, teve a ideia de inventar uma m\u00e1quina que pudesse fazer [&hellip;]<\/p>\n","protected":false},"author":3,"featured_media":0,"comment_status":"open","ping_status":"open","sticky":false,"template":"","format":"standard","meta":{"footnotes":""},"categories":[105],"tags":[],"_links":{"self":[{"href":"https:\/\/acs.org.br\/academy\/wp-json\/wp\/v2\/posts\/101193"}],"collection":[{"href":"https:\/\/acs.org.br\/academy\/wp-json\/wp\/v2\/posts"}],"about":[{"href":"https:\/\/acs.org.br\/academy\/wp-json\/wp\/v2\/types\/post"}],"author":[{"embeddable":true,"href":"https:\/\/acs.org.br\/academy\/wp-json\/wp\/v2\/users\/3"}],"replies":[{"embeddable":true,"href":"https:\/\/acs.org.br\/academy\/wp-json\/wp\/v2\/comments?post=101193"}],"version-history":[{"count":1,"href":"https:\/\/acs.org.br\/academy\/wp-json\/wp\/v2\/posts\/101193\/revisions"}],"predecessor-version":[{"id":101194,"href":"https:\/\/acs.org.br\/academy\/wp-json\/wp\/v2\/posts\/101193\/revisions\/101194"}],"wp:attachment":[{"href":"https:\/\/acs.org.br\/academy\/wp-json\/wp\/v2\/media?parent=101193"}],"wp:term":[{"taxonomy":"category","embeddable":true,"href":"https:\/\/acs.org.br\/academy\/wp-json\/wp\/v2\/categories?post=101193"},{"taxonomy":"post_tag","embeddable":true,"href":"https:\/\/acs.org.br\/academy\/wp-json\/wp\/v2\/tags?post=101193"}],"curies":[{"name":"wp","href":"https:\/\/api.w.org\/{rel}","templated":true}]}}