{"id":101187,"date":"2021-10-25T12:47:02","date_gmt":"2021-10-25T15:47:02","guid":{"rendered":"https:\/\/acs.org.br\/antigo\/?p=101187"},"modified":"2021-10-25T12:47:02","modified_gmt":"2021-10-25T15:47:02","slug":"infraestrutura-antt-abre-consulta-publica-sobre-pisos-minimos-de-frete","status":"publish","type":"post","link":"https:\/\/acs.org.br\/academy\/infraestrutura-antt-abre-consulta-publica-sobre-pisos-minimos-de-frete\/","title":{"rendered":"INFRAESTRUTURA: ANTT abre consulta p\u00fablica sobre pisos m\u00ednimos de frete"},"content":{"rendered":"<p>Fonte: Ag\u00eancia Porto<\/p>\n<p>A Ag\u00eancia Nacional de Transportes Terrestres (ANTT) autorizou, por meio do Aviso de Consulta P\u00fablica n\u00ba 1\/2021, a realiza\u00e7\u00e3o de consulta p\u00fablica, com o objetivo de apresentar proposta de resolu\u00e7\u00e3o alterando a resolu\u00e7\u00e3o vigente, que estabelece as regras gerais, a metodologia e os coeficientes dos pisos m\u00ednimos. Os novos valores ser\u00e3o v\u00e1lidos para o pr\u00f3ximo ciclo, com in\u00edcio em 20 de janeiro de 2022.<\/p>\n<p><a href=\"http:\/\/agenciaporto.com\/antt-abre-consulta-publica-sobre-pisos-minimos-de-frete\/\">LEIA MAIS&#8230;<\/a><\/p>\n<p>&nbsp;<\/p>\n","protected":false},"excerpt":{"rendered":"<p>Fonte: Ag\u00eancia Porto A Ag\u00eancia Nacional de Transportes Terrestres (ANTT) autorizou, por meio do Aviso de Consulta P\u00fablica n\u00ba 1\/2021, a realiza\u00e7\u00e3o de consulta p\u00fablica, com o objetivo de apresentar proposta de resolu\u00e7\u00e3o alterando a resolu\u00e7\u00e3o vigente, que estabelece as regras gerais, a metodologia e os coeficientes dos pisos m\u00ednimos. Os novos valores ser\u00e3o v\u00e1lidos [&hellip;]<\/p>\n","protected":false},"author":3,"featured_media":0,"comment_status":"open","ping_status":"open","sticky":false,"template":"","format":"standard","meta":{"footnotes":""},"categories":[105],"tags":[],"_links":{"self":[{"href":"https:\/\/acs.org.br\/academy\/wp-json\/wp\/v2\/posts\/101187"}],"collection":[{"href":"https:\/\/acs.org.br\/academy\/wp-json\/wp\/v2\/posts"}],"about":[{"href":"https:\/\/acs.org.br\/academy\/wp-json\/wp\/v2\/types\/post"}],"author":[{"embeddable":true,"href":"https:\/\/acs.org.br\/academy\/wp-json\/wp\/v2\/users\/3"}],"replies":[{"embeddable":true,"href":"https:\/\/acs.org.br\/academy\/wp-json\/wp\/v2\/comments?post=101187"}],"version-history":[{"count":1,"href":"https:\/\/acs.org.br\/academy\/wp-json\/wp\/v2\/posts\/101187\/revisions"}],"predecessor-version":[{"id":101188,"href":"https:\/\/acs.org.br\/academy\/wp-json\/wp\/v2\/posts\/101187\/revisions\/101188"}],"wp:attachment":[{"href":"https:\/\/acs.org.br\/academy\/wp-json\/wp\/v2\/media?parent=101187"}],"wp:term":[{"taxonomy":"category","embeddable":true,"href":"https:\/\/acs.org.br\/academy\/wp-json\/wp\/v2\/categories?post=101187"},{"taxonomy":"post_tag","embeddable":true,"href":"https:\/\/acs.org.br\/academy\/wp-json\/wp\/v2\/tags?post=101187"}],"curies":[{"name":"wp","href":"https:\/\/api.w.org\/{rel}","templated":true}]}}