{"id":101157,"date":"2021-10-21T15:52:04","date_gmt":"2021-10-21T18:52:04","guid":{"rendered":"https:\/\/acs.org.br\/antigo\/?p=101157"},"modified":"2021-10-21T15:52:04","modified_gmt":"2021-10-21T18:52:04","slug":"cafe-exportacao-dos-cafes-do-brasil-atinge-297-milhoes-de-sacas-no-acumulado-de-nove-meses","status":"publish","type":"post","link":"https:\/\/acs.org.br\/academy\/cafe-exportacao-dos-cafes-do-brasil-atinge-297-milhoes-de-sacas-no-acumulado-de-nove-meses\/","title":{"rendered":"CAF\u00c9: Exporta\u00e7\u00e3o dos Caf\u00e9s do Brasil atinge 29,7 milh\u00f5es de sacas no acumulado de nove meses"},"content":{"rendered":"<p>Fonte: Cons\u00f3rcio Pesquisa Caf\u00e9<\/p>\n<p>O total exportado dos Caf\u00e9s do Brasil, de janeiro a setembro de 2021, foi de 29,75 milh\u00f5es de sacas de 60kg, o que representou uma queda de 4,1% se comparado com os nove primeiros meses de 2020. A despeito da redu\u00e7\u00e3o no volume exportado a receita cambial gerada no per\u00edodo foi de US$ 4,17 bilh\u00f5es, um incremento de 6% nos mesmos termos comparativos.<\/p>\n<p><a href=\"http:\/\/www.consorciopesquisacafe.com.br\/index.php\/imprensa\/noticias\/1082-2021-10-21-15-04-36\">LEIA MAIS&#8230;<\/a><\/p>\n<p>&nbsp;<\/p>\n","protected":false},"excerpt":{"rendered":"<p>Fonte: Cons\u00f3rcio Pesquisa Caf\u00e9 O total exportado dos Caf\u00e9s do Brasil, de janeiro a setembro de 2021, foi de 29,75 milh\u00f5es de sacas de 60kg, o que representou uma queda de 4,1% se comparado com os nove primeiros meses de 2020. A despeito da redu\u00e7\u00e3o no volume exportado a receita cambial gerada no per\u00edodo foi [&hellip;]<\/p>\n","protected":false},"author":3,"featured_media":101158,"comment_status":"open","ping_status":"open","sticky":false,"template":"","format":"standard","meta":{"footnotes":""},"categories":[105],"tags":[],"_links":{"self":[{"href":"https:\/\/acs.org.br\/academy\/wp-json\/wp\/v2\/posts\/101157"}],"collection":[{"href":"https:\/\/acs.org.br\/academy\/wp-json\/wp\/v2\/posts"}],"about":[{"href":"https:\/\/acs.org.br\/academy\/wp-json\/wp\/v2\/types\/post"}],"author":[{"embeddable":true,"href":"https:\/\/acs.org.br\/academy\/wp-json\/wp\/v2\/users\/3"}],"replies":[{"embeddable":true,"href":"https:\/\/acs.org.br\/academy\/wp-json\/wp\/v2\/comments?post=101157"}],"version-history":[{"count":1,"href":"https:\/\/acs.org.br\/academy\/wp-json\/wp\/v2\/posts\/101157\/revisions"}],"predecessor-version":[{"id":101159,"href":"https:\/\/acs.org.br\/academy\/wp-json\/wp\/v2\/posts\/101157\/revisions\/101159"}],"wp:featuredmedia":[{"embeddable":true,"href":"https:\/\/acs.org.br\/academy\/wp-json\/wp\/v2\/media\/101158"}],"wp:attachment":[{"href":"https:\/\/acs.org.br\/academy\/wp-json\/wp\/v2\/media?parent=101157"}],"wp:term":[{"taxonomy":"category","embeddable":true,"href":"https:\/\/acs.org.br\/academy\/wp-json\/wp\/v2\/categories?post=101157"},{"taxonomy":"post_tag","embeddable":true,"href":"https:\/\/acs.org.br\/academy\/wp-json\/wp\/v2\/tags?post=101157"}],"curies":[{"name":"wp","href":"https:\/\/api.w.org\/{rel}","templated":true}]}}