{"id":101151,"date":"2021-10-21T15:39:49","date_gmt":"2021-10-21T18:39:49","guid":{"rendered":"https:\/\/acs.org.br\/antigo\/?p=101151"},"modified":"2021-10-21T15:49:04","modified_gmt":"2021-10-21T18:49:04","slug":"economia-selic-devera-atingir-875-para-controlar-a-inflacao","status":"publish","type":"post","link":"https:\/\/acs.org.br\/academy\/economia-selic-devera-atingir-875-para-controlar-a-inflacao\/","title":{"rendered":"ECONOMIA: Selic dever\u00e1 atingir 8,75% para controlar a infla\u00e7\u00e3o"},"content":{"rendered":"<p>Fonte: Valor Econ\u00f4mico \/ Safra<\/p>\n<p>A proje\u00e7\u00e3o do Safra para a infla\u00e7\u00e3o medida pelo IPCA em 2021 subiu de 8,4% para 8,8%. J\u00e1 a estimativa para 2022 foi elevada de 3,8% para 3,9%.<\/p>\n<p><a href=\"https:\/\/acs.org.br\/antigo\/wp-content\/uploads\/2021\/10\/SAFRA-21.pdf\">LEIA MAIS&#8230;<\/a><\/p>\n","protected":false},"excerpt":{"rendered":"<p>Fonte: Valor Econ\u00f4mico \/ Safra A proje\u00e7\u00e3o do Safra para a infla\u00e7\u00e3o medida pelo IPCA em 2021 subiu de 8,4% para 8,8%. J\u00e1 a estimativa para 2022 foi elevada de 3,8% para 3,9%. LEIA MAIS&#8230;<\/p>\n","protected":false},"author":3,"featured_media":101153,"comment_status":"open","ping_status":"open","sticky":false,"template":"","format":"standard","meta":{"footnotes":""},"categories":[105],"tags":[],"_links":{"self":[{"href":"https:\/\/acs.org.br\/academy\/wp-json\/wp\/v2\/posts\/101151"}],"collection":[{"href":"https:\/\/acs.org.br\/academy\/wp-json\/wp\/v2\/posts"}],"about":[{"href":"https:\/\/acs.org.br\/academy\/wp-json\/wp\/v2\/types\/post"}],"author":[{"embeddable":true,"href":"https:\/\/acs.org.br\/academy\/wp-json\/wp\/v2\/users\/3"}],"replies":[{"embeddable":true,"href":"https:\/\/acs.org.br\/academy\/wp-json\/wp\/v2\/comments?post=101151"}],"version-history":[{"count":3,"href":"https:\/\/acs.org.br\/academy\/wp-json\/wp\/v2\/posts\/101151\/revisions"}],"predecessor-version":[{"id":101156,"href":"https:\/\/acs.org.br\/academy\/wp-json\/wp\/v2\/posts\/101151\/revisions\/101156"}],"wp:featuredmedia":[{"embeddable":true,"href":"https:\/\/acs.org.br\/academy\/wp-json\/wp\/v2\/media\/101153"}],"wp:attachment":[{"href":"https:\/\/acs.org.br\/academy\/wp-json\/wp\/v2\/media?parent=101151"}],"wp:term":[{"taxonomy":"category","embeddable":true,"href":"https:\/\/acs.org.br\/academy\/wp-json\/wp\/v2\/categories?post=101151"},{"taxonomy":"post_tag","embeddable":true,"href":"https:\/\/acs.org.br\/academy\/wp-json\/wp\/v2\/tags?post=101151"}],"curies":[{"name":"wp","href":"https:\/\/api.w.org\/{rel}","templated":true}]}}