{"id":101148,"date":"2021-10-21T15:31:41","date_gmt":"2021-10-21T18:31:41","guid":{"rendered":"https:\/\/acs.org.br\/antigo\/?p=101148"},"modified":"2021-10-21T15:38:23","modified_gmt":"2021-10-21T18:38:23","slug":"petroleo-e-gas-producao-de-petroleo-e-gas-no-pre-sal-e-recorde-em-setembro","status":"publish","type":"post","link":"https:\/\/acs.org.br\/academy\/petroleo-e-gas-producao-de-petroleo-e-gas-no-pre-sal-e-recorde-em-setembro\/","title":{"rendered":"PETR\u00d3LEO E G\u00c1S: Produ\u00e7\u00e3o de petr\u00f3leo e g\u00e1s no pr\u00e9-sal \u00e9 recorde em setembro"},"content":{"rendered":"<p>Fonte: Ag\u00eancia Brasil<\/p>\n<p>A produ\u00e7\u00e3o de petr\u00f3leo e g\u00e1s natural nos campos da camada pr\u00e9-sal totalizou 2,85 milh\u00f5es de barris de \u00f3leo equivalente por dia em setembro, o que representa 74,10% do total nacional, que alcan\u00e7ou no m\u00eas 3,84 milh\u00f5es de barris.<\/p>\n<p><a href=\"https:\/\/agenciabrasil.ebc.com.br\/economia\/noticia\/2021-10\/producao-de-petroleo-e-gas-no-pre-sal-e-recorde-em-setembro\">LEIA MAIS&#8230;<\/a><\/p>\n<p>&nbsp;<\/p>\n","protected":false},"excerpt":{"rendered":"<p>Fonte: Ag\u00eancia Brasil A produ\u00e7\u00e3o de petr\u00f3leo e g\u00e1s natural nos campos da camada pr\u00e9-sal totalizou 2,85 milh\u00f5es de barris de \u00f3leo equivalente por dia em setembro, o que representa 74,10% do total nacional, que alcan\u00e7ou no m\u00eas 3,84 milh\u00f5es de barris. LEIA MAIS&#8230; &nbsp;<\/p>\n","protected":false},"author":3,"featured_media":101149,"comment_status":"open","ping_status":"open","sticky":false,"template":"","format":"standard","meta":{"footnotes":""},"categories":[105],"tags":[],"_links":{"self":[{"href":"https:\/\/acs.org.br\/academy\/wp-json\/wp\/v2\/posts\/101148"}],"collection":[{"href":"https:\/\/acs.org.br\/academy\/wp-json\/wp\/v2\/posts"}],"about":[{"href":"https:\/\/acs.org.br\/academy\/wp-json\/wp\/v2\/types\/post"}],"author":[{"embeddable":true,"href":"https:\/\/acs.org.br\/academy\/wp-json\/wp\/v2\/users\/3"}],"replies":[{"embeddable":true,"href":"https:\/\/acs.org.br\/academy\/wp-json\/wp\/v2\/comments?post=101148"}],"version-history":[{"count":1,"href":"https:\/\/acs.org.br\/academy\/wp-json\/wp\/v2\/posts\/101148\/revisions"}],"predecessor-version":[{"id":101150,"href":"https:\/\/acs.org.br\/academy\/wp-json\/wp\/v2\/posts\/101148\/revisions\/101150"}],"wp:featuredmedia":[{"embeddable":true,"href":"https:\/\/acs.org.br\/academy\/wp-json\/wp\/v2\/media\/101149"}],"wp:attachment":[{"href":"https:\/\/acs.org.br\/academy\/wp-json\/wp\/v2\/media?parent=101148"}],"wp:term":[{"taxonomy":"category","embeddable":true,"href":"https:\/\/acs.org.br\/academy\/wp-json\/wp\/v2\/categories?post=101148"},{"taxonomy":"post_tag","embeddable":true,"href":"https:\/\/acs.org.br\/academy\/wp-json\/wp\/v2\/tags?post=101148"}],"curies":[{"name":"wp","href":"https:\/\/api.w.org\/{rel}","templated":true}]}}