{"id":101123,"date":"2021-10-21T12:48:24","date_gmt":"2021-10-21T15:48:24","guid":{"rendered":"https:\/\/acs.org.br\/antigo\/?p=101123"},"modified":"2021-10-21T12:48:24","modified_gmt":"2021-10-21T15:48:24","slug":"porto-privatizacao-de-santos-reduz-tarifa-em-30","status":"publish","type":"post","link":"https:\/\/acs.org.br\/academy\/porto-privatizacao-de-santos-reduz-tarifa-em-30\/","title":{"rendered":"PORTO: Privatiza\u00e7\u00e3o de Santos reduz tarifa em 30%"},"content":{"rendered":"<p>Fonte: Informativo dos Portos<\/p>\n<p>A privatiza\u00e7\u00e3o do Porto de Santos, o maior do pa\u00eds e por onde passa 28% de todo o com\u00e9rcio exterior brasileiro, ter\u00e1 a exig\u00eancia de R$ 16 bilh\u00f5es em investimentos e propiciar\u00e1 uma queda imediata de 30% da principal tarifa paga pelas companhias de navega\u00e7\u00e3o (armadores). O futuro dono do complexo portu\u00e1rio precisar\u00e1, entre outras interven\u00e7\u00f5es, aumentar a profundidade dos canais de 15 metros para 17 metros e bancar o t\u00fanel Santos-Guaruj\u00e1.<\/p>\n<p><a href=\"https:\/\/www.informativodosportos.com.br\/privatizacao-de-santos-reduz-tarifa-em-30\/\">LEIA MAIS&#8230;<\/a><\/p>\n","protected":false},"excerpt":{"rendered":"<p>Fonte: Informativo dos Portos A privatiza\u00e7\u00e3o do Porto de Santos, o maior do pa\u00eds e por onde passa 28% de todo o com\u00e9rcio exterior brasileiro, ter\u00e1 a exig\u00eancia de R$ 16 bilh\u00f5es em investimentos e propiciar\u00e1 uma queda imediata de 30% da principal tarifa paga pelas companhias de navega\u00e7\u00e3o (armadores). O futuro dono do complexo [&hellip;]<\/p>\n","protected":false},"author":3,"featured_media":101124,"comment_status":"open","ping_status":"open","sticky":false,"template":"","format":"standard","meta":{"footnotes":""},"categories":[105],"tags":[],"_links":{"self":[{"href":"https:\/\/acs.org.br\/academy\/wp-json\/wp\/v2\/posts\/101123"}],"collection":[{"href":"https:\/\/acs.org.br\/academy\/wp-json\/wp\/v2\/posts"}],"about":[{"href":"https:\/\/acs.org.br\/academy\/wp-json\/wp\/v2\/types\/post"}],"author":[{"embeddable":true,"href":"https:\/\/acs.org.br\/academy\/wp-json\/wp\/v2\/users\/3"}],"replies":[{"embeddable":true,"href":"https:\/\/acs.org.br\/academy\/wp-json\/wp\/v2\/comments?post=101123"}],"version-history":[{"count":1,"href":"https:\/\/acs.org.br\/academy\/wp-json\/wp\/v2\/posts\/101123\/revisions"}],"predecessor-version":[{"id":101125,"href":"https:\/\/acs.org.br\/academy\/wp-json\/wp\/v2\/posts\/101123\/revisions\/101125"}],"wp:featuredmedia":[{"embeddable":true,"href":"https:\/\/acs.org.br\/academy\/wp-json\/wp\/v2\/media\/101124"}],"wp:attachment":[{"href":"https:\/\/acs.org.br\/academy\/wp-json\/wp\/v2\/media?parent=101123"}],"wp:term":[{"taxonomy":"category","embeddable":true,"href":"https:\/\/acs.org.br\/academy\/wp-json\/wp\/v2\/categories?post=101123"},{"taxonomy":"post_tag","embeddable":true,"href":"https:\/\/acs.org.br\/academy\/wp-json\/wp\/v2\/tags?post=101123"}],"curies":[{"name":"wp","href":"https:\/\/api.w.org\/{rel}","templated":true}]}}