{"id":101107,"date":"2021-10-20T15:28:54","date_gmt":"2021-10-20T18:28:54","guid":{"rendered":"https:\/\/acs.org.br\/antigo\/?p=101107"},"modified":"2021-10-20T15:29:39","modified_gmt":"2021-10-20T18:29:39","slug":"comercio-exterior-brasil-e-colombia-firmam-acordo-para-melhorar-cooperacao-tecnica-na-agropecuaria","status":"publish","type":"post","link":"https:\/\/acs.org.br\/academy\/comercio-exterior-brasil-e-colombia-firmam-acordo-para-melhorar-cooperacao-tecnica-na-agropecuaria\/","title":{"rendered":"COM\u00c9RCIO EXTERIOR: Brasil e Col\u00f4mbia firmam acordo para melhorar coopera\u00e7\u00e3o t\u00e9cnica na agropecu\u00e1ria"},"content":{"rendered":"<p>Fonte: Informativo dos Portos<\/p>\n<p>O Minist\u00e9rio da Agricultura, Pecu\u00e1ria e Abastecimento do Brasil e o Minist\u00e9rio da Agricultura e Desenvolvimento Rural da Col\u00f4mbia assinaram na ter\u00e7a-feira (19) um Memorando de Entendimento para fortalecer a\u00a0 coopera\u00e7\u00e3o t\u00e9cnica em diversas \u00e1reas da agricultura, pecu\u00e1ria, aquicultura e pesca entre os dois pa\u00edses.<\/p>\n<p><a href=\"https:\/\/www.informativodosportos.com.br\/brasil-e-colombia-firmam-acordo-para-melhorar-cooperacao-tecnica-na-agropecuaria\/\">LEIA MAIS&#8230;<\/a><\/p>\n","protected":false},"excerpt":{"rendered":"<p>Fonte: Informativo dos Portos O Minist\u00e9rio da Agricultura, Pecu\u00e1ria e Abastecimento do Brasil e o Minist\u00e9rio da Agricultura e Desenvolvimento Rural da Col\u00f4mbia assinaram na ter\u00e7a-feira (19) um Memorando de Entendimento para fortalecer a\u00a0 coopera\u00e7\u00e3o t\u00e9cnica em diversas \u00e1reas da agricultura, pecu\u00e1ria, aquicultura e pesca entre os dois pa\u00edses. LEIA MAIS&#8230;<\/p>\n","protected":false},"author":3,"featured_media":101108,"comment_status":"open","ping_status":"open","sticky":false,"template":"","format":"standard","meta":{"footnotes":""},"categories":[105],"tags":[],"_links":{"self":[{"href":"https:\/\/acs.org.br\/academy\/wp-json\/wp\/v2\/posts\/101107"}],"collection":[{"href":"https:\/\/acs.org.br\/academy\/wp-json\/wp\/v2\/posts"}],"about":[{"href":"https:\/\/acs.org.br\/academy\/wp-json\/wp\/v2\/types\/post"}],"author":[{"embeddable":true,"href":"https:\/\/acs.org.br\/academy\/wp-json\/wp\/v2\/users\/3"}],"replies":[{"embeddable":true,"href":"https:\/\/acs.org.br\/academy\/wp-json\/wp\/v2\/comments?post=101107"}],"version-history":[{"count":1,"href":"https:\/\/acs.org.br\/academy\/wp-json\/wp\/v2\/posts\/101107\/revisions"}],"predecessor-version":[{"id":101109,"href":"https:\/\/acs.org.br\/academy\/wp-json\/wp\/v2\/posts\/101107\/revisions\/101109"}],"wp:featuredmedia":[{"embeddable":true,"href":"https:\/\/acs.org.br\/academy\/wp-json\/wp\/v2\/media\/101108"}],"wp:attachment":[{"href":"https:\/\/acs.org.br\/academy\/wp-json\/wp\/v2\/media?parent=101107"}],"wp:term":[{"taxonomy":"category","embeddable":true,"href":"https:\/\/acs.org.br\/academy\/wp-json\/wp\/v2\/categories?post=101107"},{"taxonomy":"post_tag","embeddable":true,"href":"https:\/\/acs.org.br\/academy\/wp-json\/wp\/v2\/tags?post=101107"}],"curies":[{"name":"wp","href":"https:\/\/api.w.org\/{rel}","templated":true}]}}