{"id":101090,"date":"2021-10-20T11:40:20","date_gmt":"2021-10-20T14:40:20","guid":{"rendered":"https:\/\/acs.org.br\/antigo\/?p=101090"},"modified":"2021-10-20T17:51:54","modified_gmt":"2021-10-20T20:51:54","slug":"cafe-o-museu-do-cafe-esta-indo-para-a-italia","status":"publish","type":"post","link":"https:\/\/acs.org.br\/academy\/cafe-o-museu-do-cafe-esta-indo-para-a-italia\/","title":{"rendered":"CAF\u00c9: O Museu do Caf\u00e9 est\u00e1 indo para a It\u00e1lia !"},"content":{"rendered":"<p><em>Exposi\u00e7\u00e3o itinerante \u201cViaggio Nella Terra del Caffeio\u201d<\/em><\/p>\n<p>Fonte: Museu do Caf\u00e9<\/p>\n<p>A Embaixada do Brasil em Roma, parceria do Museu do Caf\u00e9 nesta atra\u00e7\u00e3o, passar\u00e1 a contar com a exposi\u00e7\u00e3o \u201cViaggio Nella Terra Del Caffeio\u201d! Com inaugura\u00e7\u00e3o marcada para o pr\u00f3ximo dia 21, a curadoria, desenvolvida pela equipe do patrim\u00f4nio santista, tem como fio condutor a rela\u00e7\u00e3o hist\u00f3rica e contempor\u00e2nea entre It\u00e1lia e Brasil, possuindo como elemento de conex\u00e3o o caf\u00e9 e as suas diversas perspectivas.<\/p>\n<p><a href=\"https:\/\/acs.org.br\/antigo\/wp-content\/uploads\/2021\/10\/MUSEU-20-copia.pdf\">LEIA MAIS&#8230;<\/a><\/p>\n","protected":false},"excerpt":{"rendered":"<p>Exposi\u00e7\u00e3o itinerante \u201cViaggio Nella Terra del Caffeio\u201d Fonte: Museu do Caf\u00e9 A Embaixada do Brasil em Roma, parceria do Museu do Caf\u00e9 nesta atra\u00e7\u00e3o, passar\u00e1 a contar com a exposi\u00e7\u00e3o \u201cViaggio Nella Terra Del Caffeio\u201d! Com inaugura\u00e7\u00e3o marcada para o pr\u00f3ximo dia 21, a curadoria, desenvolvida pela equipe do patrim\u00f4nio santista, tem como fio condutor [&hellip;]<\/p>\n","protected":false},"author":3,"featured_media":101091,"comment_status":"open","ping_status":"open","sticky":false,"template":"","format":"standard","meta":{"footnotes":""},"categories":[105],"tags":[],"_links":{"self":[{"href":"https:\/\/acs.org.br\/academy\/wp-json\/wp\/v2\/posts\/101090"}],"collection":[{"href":"https:\/\/acs.org.br\/academy\/wp-json\/wp\/v2\/posts"}],"about":[{"href":"https:\/\/acs.org.br\/academy\/wp-json\/wp\/v2\/types\/post"}],"author":[{"embeddable":true,"href":"https:\/\/acs.org.br\/academy\/wp-json\/wp\/v2\/users\/3"}],"replies":[{"embeddable":true,"href":"https:\/\/acs.org.br\/academy\/wp-json\/wp\/v2\/comments?post=101090"}],"version-history":[{"count":2,"href":"https:\/\/acs.org.br\/academy\/wp-json\/wp\/v2\/posts\/101090\/revisions"}],"predecessor-version":[{"id":101121,"href":"https:\/\/acs.org.br\/academy\/wp-json\/wp\/v2\/posts\/101090\/revisions\/101121"}],"wp:featuredmedia":[{"embeddable":true,"href":"https:\/\/acs.org.br\/academy\/wp-json\/wp\/v2\/media\/101091"}],"wp:attachment":[{"href":"https:\/\/acs.org.br\/academy\/wp-json\/wp\/v2\/media?parent=101090"}],"wp:term":[{"taxonomy":"category","embeddable":true,"href":"https:\/\/acs.org.br\/academy\/wp-json\/wp\/v2\/categories?post=101090"},{"taxonomy":"post_tag","embeddable":true,"href":"https:\/\/acs.org.br\/academy\/wp-json\/wp\/v2\/tags?post=101090"}],"curies":[{"name":"wp","href":"https:\/\/api.w.org\/{rel}","templated":true}]}}