{"id":101081,"date":"2021-10-20T11:07:31","date_gmt":"2021-10-20T14:07:31","guid":{"rendered":"https:\/\/acs.org.br\/antigo\/?p=101081"},"modified":"2021-10-20T11:07:31","modified_gmt":"2021-10-20T14:07:31","slug":"porto-summit-portos-5-0","status":"publish","type":"post","link":"https:\/\/acs.org.br\/academy\/porto-summit-portos-5-0\/","title":{"rendered":"PORTO: Summit Portos 5.0"},"content":{"rendered":"<p>Fonte: A Tribuna<\/p>\n<p>Integra\u00e7\u00e3o log\u00edstica e tecnologia s\u00e3o os temas do Summit 5.0, que acontecer\u00e1 amanh\u00e3, em Bras\u00edlia. Promovido pelo Grupo A Tribuna, o evento contar\u00e1 com a participa\u00e7\u00e3o de especialistas e autoridades, incluindo parlamentares presentes e o ministro da Infraestrutura, Tarc\u00edsio Gomes de Freitas, por v\u00eddeo.<\/p>\n<p><a href=\"https:\/\/acs.org.br\/antigo\/wp-content\/uploads\/2021\/10\/SUMMIT-20.pdf\">LEIA MAIS&#8230;<\/a><\/p>\n","protected":false},"excerpt":{"rendered":"<p>Fonte: A Tribuna Integra\u00e7\u00e3o log\u00edstica e tecnologia s\u00e3o os temas do Summit 5.0, que acontecer\u00e1 amanh\u00e3, em Bras\u00edlia. Promovido pelo Grupo A Tribuna, o evento contar\u00e1 com a participa\u00e7\u00e3o de especialistas e autoridades, incluindo parlamentares presentes e o ministro da Infraestrutura, Tarc\u00edsio Gomes de Freitas, por v\u00eddeo. LEIA MAIS&#8230;<\/p>\n","protected":false},"author":3,"featured_media":101083,"comment_status":"open","ping_status":"open","sticky":false,"template":"","format":"standard","meta":{"footnotes":""},"categories":[105],"tags":[],"_links":{"self":[{"href":"https:\/\/acs.org.br\/academy\/wp-json\/wp\/v2\/posts\/101081"}],"collection":[{"href":"https:\/\/acs.org.br\/academy\/wp-json\/wp\/v2\/posts"}],"about":[{"href":"https:\/\/acs.org.br\/academy\/wp-json\/wp\/v2\/types\/post"}],"author":[{"embeddable":true,"href":"https:\/\/acs.org.br\/academy\/wp-json\/wp\/v2\/users\/3"}],"replies":[{"embeddable":true,"href":"https:\/\/acs.org.br\/academy\/wp-json\/wp\/v2\/comments?post=101081"}],"version-history":[{"count":1,"href":"https:\/\/acs.org.br\/academy\/wp-json\/wp\/v2\/posts\/101081\/revisions"}],"predecessor-version":[{"id":101084,"href":"https:\/\/acs.org.br\/academy\/wp-json\/wp\/v2\/posts\/101081\/revisions\/101084"}],"wp:featuredmedia":[{"embeddable":true,"href":"https:\/\/acs.org.br\/academy\/wp-json\/wp\/v2\/media\/101083"}],"wp:attachment":[{"href":"https:\/\/acs.org.br\/academy\/wp-json\/wp\/v2\/media?parent=101081"}],"wp:term":[{"taxonomy":"category","embeddable":true,"href":"https:\/\/acs.org.br\/academy\/wp-json\/wp\/v2\/categories?post=101081"},{"taxonomy":"post_tag","embeddable":true,"href":"https:\/\/acs.org.br\/academy\/wp-json\/wp\/v2\/tags?post=101081"}],"curies":[{"name":"wp","href":"https:\/\/api.w.org\/{rel}","templated":true}]}}